{"id":2021,"date":"2013-12-04T13:26:17","date_gmt":"2013-12-04T13:26:17","guid":{"rendered":"http:\/\/blog.geschenkidee.ch\/?p=2021"},"modified":"2019-08-29T07:05:15","modified_gmt":"2019-08-29T06:05:15","slug":"warum-feiern-wir-eigentlich-silvester","status":"publish","type":"post","link":"https:\/\/www.geschenkidee.ch\/blog\/warum-feiern-wir-eigentlich-silvester\/","title":{"rendered":"Warum feiern wir eigentlich Silvester?"},"content":{"rendered":"<p>Ich bin mir sicher, dass wir alle einen \u00e4hnlichen Ablauf an einem Silvesterabend erleben. Wir treffen uns mit Freunden, geniessen einen romantischen Abend mit dem Schatz oder verbringen Silvester mit der Familie. Die letzten Sekunden des alten Jahres werden heruntergez\u00e4hlt, um Punkt Mitternacht der Champagner-Korken knallen gelassen, eine Rakete abgefeuert oder einfach nur ein frohes neues Jahr gew\u00fcnscht.<\/p>\n<p><strong>Doch warum feiern wir Silvester und pflegen Br\u00e4uche, wie zum Beispiel das Abfeuern von Feuerwerksk\u00f6rpern oder das Bleigiessen?<\/strong><\/p>\n<p>Silvester ist keine neuzeitliche Erscheinung. Das Feiern des Jahreswechsels geht auf einen Jahrtausend alten Brauchtum zur\u00fcck, den schon die R\u00f6mer gefeiert haben. Damals aber zum 1. M\u00e4rz. Die gregorianische Kalenderreform verlegte den letzten Tag des Jahres vom 24. auf den 31. Dezember. Der 31. Dezember ist der Todestag und zugleich Namenstag von Papst Silvester I. Daher feiern wir an Silvester nicht nur das Jahresende, sondern auch Papst Silvester I.<\/p>\n<p><strong>Die verschiedenen Silvesterbr\u00e4uche gehen auf heidnische Traditionen zur\u00fcck:<br \/>\n<\/strong><\/p>\n<p><img loading=\"lazy\" class=\"wp-image-2081 alignright\" alt=\"feuerwerk\" src=\"http:\/\/blog.geschenkidee.ch\/wp-content\/uploads\/2013\/12\/Fotolia_984124_XS.jpg\" width=\"144\" height=\"192\" srcset=\"https:\/\/www.geschenkidee.ch\/blog\/wp-content\/uploads\/2013\/12\/Fotolia_984124_XS.jpg 300w, https:\/\/www.geschenkidee.ch\/blog\/wp-content\/uploads\/2013\/12\/Fotolia_984124_XS-225x300.jpg 225w\" sizes=\"(max-width: 144px) 100vw, 144px\" \/>Fr\u00fcher war der Glaube verbreitet, dass ein Heer von tobenden Geistern, geschickt von einem\u00a0Kriegsgott, in der Zeitspanne zwischen dem 25. Dezember und dem 6. Januar sein Unwesen treibt. Da sich die Nacht vom 31. Dezember auf den 1. Januar genau in der Mitte dieser Zeitspanne befindet, ging man davon aus, dass es die schlimmste aller N\u00e4chte sei und die Geister nur mit viel L\u00e4rm und Licht vertrieben werden k\u00f6nnen. Dies sind also die\u00a0Wurzeln des imposanten Feuerwerks an Silvester.<\/p>\n<p>Das Bleigiessen zu Silvester ist auch ein alter Brauch, welcher bei den R\u00f6mern verbreitet war. Bleist\u00fccke werden in einem L\u00f6ffel \u00fcber eine Kerze gehalten, bis sie geschmolzen sind. Sofort wird das geschmolzene Metall in kaltes Wasser gegossen, in dem das Metall zu bizarren Formen erstarrt. Die Form des Bleis soll dann Voraussagen f\u00fcr die Zukunft erm\u00f6glichen. Heutzutage wird dieser Brauch vorwiegend nur aus Spass praktiziert.<\/p>\n<p>Wie Sie sehen, blieben viele von den alten heidnischen Br\u00e4uchen erhalten. Warum dem so ist, weiss nat\u00fcrlich niemand genau.<\/p>\n<p>Feststeht, dass Silvester ein Tag zum Feiern ist. Ob man jetzt auf Papst Silvester I. anst\u00f6sst, eine Rakete abfeuert, Geister vertreibt, oder einfach den Jahreswechsel feiert, ist schlussendlich egal.<\/p>\n<p><strong>Ich w\u00fcnsche Ihnen allen eine besinnliche Weihnachtszeit, im Voraus schon \u201een guete Rutsch\u201c und nur das Beste f\u00fcr das Jahr 2014.<\/strong><\/p>\n<p>Apropos Silvester, hier noch zwei Vorschl\u00e4ge von mir, was am 31. Dezember auf keinen Fall fehlen darf:<\/p>\n<p>Ein <a href=\"http:\/\/www.geschenkidee.ch\/gueple-mit-echtem-blattgold.html\">C\u00fcpli mit echtem Blattgold<\/a> passt perfekt zu Silvester.<\/p>\n<p><a href=\"http:\/\/www.geschenkidee.ch\/gueple-mit-echtem-blattgold.html\"><img loading=\"lazy\" class=\" wp-image-2062 alignnone\" alt=\"639_large--cuepli-mit-echtem-blattgold\" src=\"http:\/\/blog.geschenkidee.ch\/wp-content\/uploads\/2013\/12\/639_large-cuepli-mit-echtem-blattgold.jpg\" width=\"115\" height=\"115\" srcset=\"https:\/\/www.geschenkidee.ch\/blog\/wp-content\/uploads\/2013\/12\/639_large-cuepli-mit-echtem-blattgold.jpg 500w, https:\/\/www.geschenkidee.ch\/blog\/wp-content\/uploads\/2013\/12\/639_large-cuepli-mit-echtem-blattgold-150x150.jpg 150w, https:\/\/www.geschenkidee.ch\/blog\/wp-content\/uploads\/2013\/12\/639_large-cuepli-mit-echtem-blattgold-300x300.jpg 300w\" sizes=\"(max-width: 115px) 100vw, 115px\" \/><\/a><\/p>\n<p>Mit den <a href=\"http:\/\/www.geschenkidee.ch\/wondercandle-a.html\">Wunderkerzen A-Z<\/a> sind Ihrer Kreativit\u00e4t keine Grenzen gesetzt.<\/p>\n<p><a href=\"http:\/\/www.geschenkidee.ch\/wondercandle-a.html\"><img loading=\"lazy\" class=\"wp-image-2065 alignleft\" alt=\"617_large--wunderkerzen-a-z\" src=\"http:\/\/blog.geschenkidee.ch\/wp-content\/uploads\/2013\/12\/617_large-wunderkerzen-a-z.jpg\" width=\"162\" height=\"162\" srcset=\"https:\/\/www.geschenkidee.ch\/blog\/wp-content\/uploads\/2013\/12\/617_large-wunderkerzen-a-z.jpg 500w, https:\/\/www.geschenkidee.ch\/blog\/wp-content\/uploads\/2013\/12\/617_large-wunderkerzen-a-z-150x150.jpg 150w, https:\/\/www.geschenkidee.ch\/blog\/wp-content\/uploads\/2013\/12\/617_large-wunderkerzen-a-z-300x300.jpg 300w\" sizes=\"(max-width: 162px) 100vw, 162px\" \/><\/a><\/p>\n<p>&nbsp;<\/p>\n<p>&nbsp;<\/p>\n<p>&nbsp;<\/p>\n<p>&nbsp;<\/p>\n","protected":false},"excerpt":{"rendered":"<p>Ich bin mir sicher, dass wir alle einen \u00e4hnlichen Ablauf an einem Silvesterabend erleben. Wir treffen uns mit Freunden, geniessen einen romantischen Abend mit dem Schatz oder verbringen Silvester mit der Familie. Die letzten Sekunden des alten Jahres werden heruntergez\u00e4hlt, um Punkt Mitternacht der Champagner-Korken knallen gelassen, eine Rakete abgefeuert oder einfach nur ein frohes [&hellip;]<\/p>\n","protected":false},"author":10,"featured_media":2079,"comment_status":"open","ping_status":"open","sticky":false,"template":"","format":"standard","meta":{"_monsterinsights_skip_tracking":false,"_monsterinsights_sitenote_active":false,"_monsterinsights_sitenote_note":"","_monsterinsights_sitenote_category":0},"categories":[17],"tags":[],"yoast_head":"<!-- This site is optimized with the Yoast SEO plugin v16.1.1 - https:\/\/yoast.com\/wordpress\/plugins\/seo\/ -->\n<link rel=\"canonical\" href=\"https:\/\/www.geschenkidee.ch\/blog\/warum-feiern-wir-eigentlich-silvester\/\" \/>\n<meta property=\"og:locale\" content=\"de_DE\" \/>\n<meta property=\"og:type\" content=\"article\" \/>\n<meta property=\"og:title\" content=\"Warum feiern wir eigentlich Silvester? - Blog geschenkidee.ch\" \/>\n<meta property=\"og:description\" content=\"Ich bin mir sicher, dass wir alle einen \u00e4hnlichen Ablauf an einem Silvesterabend erleben. Wir treffen uns mit Freunden, geniessen einen romantischen Abend mit dem Schatz oder verbringen Silvester mit der Familie. Die letzten Sekunden des alten Jahres werden heruntergez\u00e4hlt, um Punkt Mitternacht der Champagner-Korken knallen gelassen, eine Rakete abgefeuert oder einfach nur ein frohes [&hellip;]\" \/>\n<meta property=\"og:url\" content=\"https:\/\/www.geschenkidee.ch\/blog\/warum-feiern-wir-eigentlich-silvester\/\" \/>\n<meta property=\"og:site_name\" content=\"Blog geschenkidee.ch\" \/>\n<meta property=\"article:published_time\" content=\"2013-12-04T13:26:17+00:00\" \/>\n<meta property=\"article:modified_time\" content=\"2019-08-29T06:05:15+00:00\" \/>\n<meta property=\"og:image\" content=\"https:\/\/www.geschenkidee.ch\/blog\/wp-content\/uploads\/2013\/12\/Fotolia_55357324_S.jpg\" \/>\n\t<meta property=\"og:image:width\" content=\"706\" \/>\n\t<meta property=\"og:image:height\" content=\"680\" \/>\n<meta name=\"twitter:card\" content=\"summary_large_image\" \/>\n<meta name=\"twitter:label1\" content=\"Gesch\u00e4tzte Lesezeit\">\n\t<meta name=\"twitter:data1\" content=\"2 Minuten\">\n<script type=\"application\/ld+json\" class=\"yoast-schema-graph\">{\"@context\":\"https:\/\/schema.org\",\"@graph\":[{\"@type\":\"WebSite\",\"@id\":\"https:\/\/www.geschenkidee.ch\/blog\/#website\",\"url\":\"https:\/\/www.geschenkidee.ch\/blog\/\",\"name\":\"Blog geschenkidee.ch\",\"description\":\"Der Blog f\\u00fcr Geschenkideen und f\\u00fcr alle Themen rund ums Schenken\",\"potentialAction\":[{\"@type\":\"SearchAction\",\"target\":\"https:\/\/www.geschenkidee.ch\/blog\/?s={search_term_string}\",\"query-input\":\"required name=search_term_string\"}],\"inLanguage\":\"de-DE\"},{\"@type\":\"ImageObject\",\"@id\":\"https:\/\/www.geschenkidee.ch\/blog\/warum-feiern-wir-eigentlich-silvester\/#primaryimage\",\"inLanguage\":\"de-DE\",\"url\":\"https:\/\/www.geschenkidee.ch\/blog\/wp-content\/uploads\/2013\/12\/Fotolia_55357324_S.jpg\",\"contentUrl\":\"https:\/\/www.geschenkidee.ch\/blog\/wp-content\/uploads\/2013\/12\/Fotolia_55357324_S.jpg\",\"width\":706,\"height\":680},{\"@type\":\"WebPage\",\"@id\":\"https:\/\/www.geschenkidee.ch\/blog\/warum-feiern-wir-eigentlich-silvester\/#webpage\",\"url\":\"https:\/\/www.geschenkidee.ch\/blog\/warum-feiern-wir-eigentlich-silvester\/\",\"name\":\"Warum feiern wir eigentlich Silvester? - Blog geschenkidee.ch\",\"isPartOf\":{\"@id\":\"https:\/\/www.geschenkidee.ch\/blog\/#website\"},\"primaryImageOfPage\":{\"@id\":\"https:\/\/www.geschenkidee.ch\/blog\/warum-feiern-wir-eigentlich-silvester\/#primaryimage\"},\"datePublished\":\"2013-12-04T13:26:17+00:00\",\"dateModified\":\"2019-08-29T06:05:15+00:00\",\"author\":{\"@id\":\"https:\/\/www.geschenkidee.ch\/blog\/#\/schema\/person\/58989a6d6765d4d6540968d8660cde74\"},\"breadcrumb\":{\"@id\":\"https:\/\/www.geschenkidee.ch\/blog\/warum-feiern-wir-eigentlich-silvester\/#breadcrumb\"},\"inLanguage\":\"de-DE\",\"potentialAction\":[{\"@type\":\"ReadAction\",\"target\":[\"https:\/\/www.geschenkidee.ch\/blog\/warum-feiern-wir-eigentlich-silvester\/\"]}]},{\"@type\":\"BreadcrumbList\",\"@id\":\"https:\/\/www.geschenkidee.ch\/blog\/warum-feiern-wir-eigentlich-silvester\/#breadcrumb\",\"itemListElement\":[{\"@type\":\"ListItem\",\"position\":1,\"item\":{\"@type\":\"WebPage\",\"@id\":\"https:\/\/www.geschenkidee.ch\/blog\/\",\"url\":\"https:\/\/www.geschenkidee.ch\/blog\/\",\"name\":\"Startseite\"}},{\"@type\":\"ListItem\",\"position\":2,\"item\":{\"@type\":\"WebPage\",\"@id\":\"https:\/\/www.geschenkidee.ch\/blog\/warum-feiern-wir-eigentlich-silvester\/\",\"url\":\"https:\/\/www.geschenkidee.ch\/blog\/warum-feiern-wir-eigentlich-silvester\/\",\"name\":\"Warum feiern wir eigentlich Silvester?\"}}]},{\"@type\":\"Person\",\"@id\":\"https:\/\/www.geschenkidee.ch\/blog\/#\/schema\/person\/58989a6d6765d4d6540968d8660cde74\",\"name\":\"Nathalie Blaser\",\"image\":{\"@type\":\"ImageObject\",\"@id\":\"https:\/\/www.geschenkidee.ch\/blog\/#personlogo\",\"inLanguage\":\"de-DE\",\"url\":\"https:\/\/secure.gravatar.com\/avatar\/57c21b6ad4104e758c36f1f431b30583?s=96&d=mm&r=g\",\"contentUrl\":\"https:\/\/secure.gravatar.com\/avatar\/57c21b6ad4104e758c36f1f431b30583?s=96&d=mm&r=g\",\"caption\":\"Nathalie Blaser\"},\"sameAs\":[\"http:\/\/geschenkidee.ch\"]}]}<\/script>\n<!-- \/ Yoast SEO plugin. -->","_links":{"self":[{"href":"https:\/\/www.geschenkidee.ch\/blog\/wp-json\/wp\/v2\/posts\/2021"}],"collection":[{"href":"https:\/\/www.geschenkidee.ch\/blog\/wp-json\/wp\/v2\/posts"}],"about":[{"href":"https:\/\/www.geschenkidee.ch\/blog\/wp-json\/wp\/v2\/types\/post"}],"author":[{"embeddable":true,"href":"https:\/\/www.geschenkidee.ch\/blog\/wp-json\/wp\/v2\/users\/10"}],"replies":[{"embeddable":true,"href":"https:\/\/www.geschenkidee.ch\/blog\/wp-json\/wp\/v2\/comments?post=2021"}],"version-history":[{"count":29,"href":"https:\/\/www.geschenkidee.ch\/blog\/wp-json\/wp\/v2\/posts\/2021\/revisions"}],"predecessor-version":[{"id":2091,"href":"https:\/\/www.geschenkidee.ch\/blog\/wp-json\/wp\/v2\/posts\/2021\/revisions\/2091"}],"wp:featuredmedia":[{"embeddable":true,"href":"https:\/\/www.geschenkidee.ch\/blog\/wp-json\/wp\/v2\/media\/2079"}],"wp:attachment":[{"href":"https:\/\/www.geschenkidee.ch\/blog\/wp-json\/wp\/v2\/media?parent=2021"}],"wp:term":[{"taxonomy":"category","embeddable":true,"href":"https:\/\/www.geschenkidee.ch\/blog\/wp-json\/wp\/v2\/categories?post=2021"},{"taxonomy":"post_tag","embeddable":true,"href":"https:\/\/www.geschenkidee.ch\/blog\/wp-json\/wp\/v2\/tags?post=2021"}],"curies":[{"name":"wp","href":"https:\/\/api.w.org\/{rel}","templated":true}]}}