{"id":5454,"date":"2018-01-24T11:22:38","date_gmt":"2018-01-24T10:22:38","guid":{"rendered":"https:\/\/www.geschenkidee.ch\/blog?p=5454"},"modified":"2019-08-29T07:03:50","modified_gmt":"2019-08-29T06:03:50","slug":"fasnacht-2018","status":"publish","type":"post","link":"https:\/\/www.geschenkidee.ch\/blog\/fasnacht-2018\/","title":{"rendered":"Fasnacht 2018 &#8211; buntes Narrentreiben f\u00fcr Gross und Klein"},"content":{"rendered":"<p>Die Fasnacht &#8211; auch <strong><em>f\u00fcnfte Jahreszeit<\/em><\/strong> genannt &#8211; ist eine Tradition, die vor allem in Deutschland und der Schweiz gefeiert wird. Der Ursprung des Namens findet sich im Althochdeutschen und kommt von fasta (Fastenzeit) und naht (Nacht, Vorabend). Urspr\u00fcnglich war damit der Tag vor der Fastenzeit gemeint. In der Schweiz geht die moderne Fasnachtszeit vom 11.11., 11:11 Uhr bis zum Aschermittwoch. Vor allem die Basler Fasnacht, aber auch die Feiern in der Innerschweiz, haben sich auch \u00fcber die Kantonsgrenzen hinaus einen Namen verschafft.<\/p>\n<h3>Fasnacht 2018 in der Schweiz<\/h3>\n<p>In der Schweiz haben sich im Gegensatz zu Deutschland regional sehr <strong>unterschiedliche Fasnachts-Traditionen<\/strong> entwickelt. Die beiden grossen Fasnachtszentren sind dabei Basel und Luzern mit grossen Umz\u00fcgen und tausenden von Zuschauern und Teilnehmern.<\/p>\n<p>In der Innerschweiz ist Luzern der grosse Mittelpunkt des Fasnachtstreiben. Die sogenannte &#8222;<strong><em>r\u00fcdige loz\u00e4rner Fasnacht<\/em><\/strong>&#8220; beginnt traditionell mit dem <strong>Schmutzigen Donnerstag<\/strong> und endet am darauffolgenden Dienstag mit dem Monstercorso bei dem \u00fcber 100 Guggenmusiken durch die Luzernen Innenstadt pilgern. Zum Auftakt werden ausserdem Telefonb\u00fccher zur Explosion gebracht, was einen Papierschnitzel-Regen \u00fcber den Zuschauern ausl\u00f6st. Zudem werden mehrere Kisten mit Orangen an die Menschen verteilt. Unverkleidete G\u00e4ste oder Fasn\u00e4chtler fallen an der Luzerner Fasnacht eher negativ auf, was eine buntes und wildes Narrentreiben zur Folge hat. Die Luzerner Fasnacht findet dieses Jahr vom <strong>8.-13. Februar 2018<\/strong> statt.<\/p>\n<p>Die <strong>Basler Fasnacht<\/strong> hingegen wird nicht als Verkleidungs-Party gefeiert. Hier beherrschen die <strong><em>Cliquen<\/em><\/strong> die Strassen der Basler Innenstadt w\u00e4hrend den <strong><em>drey scheenschte D\u00e4\u00e4g<\/em><\/strong> des Jahres. Mit <strong>Schnitzelb\u00e4nken entsteht eine politische R\u00fcckschau<\/strong> \u00fcber das letzte Jahr, wobei das &#8222;feindliche&#8220; Z\u00fcrich oft auf die Schippe genommen wird. Die Basler beginnen die Fasnacht mit dem Morgestraich um 4 Uhr morgens am Montag nach dem Aschermittwoch. Danach dauert die Basler Fasnacht jeweils exakt 72 Stunden und endet somit Donnerstag um 4 Uhr morgens. Dazwischen finden grosse Umz\u00fcge mit Guggen-Musiken statt. Diese werden an der Basler Fasnacht &#8222;<strong><em>Cort\u00e8ges<\/em><\/strong>&#8220; genannt. Anders als an der Luzerner Fasnacht sind die Zuschauer in Basel allerdings nicht maskiert oder mit Schminke im Gesicht. Die Basler Fasnacht 2018 findet vom <strong>19.-22. Februar 2018<\/strong> statt.<\/p>\n<p><strong>Weitere Regionen\u00a0<\/strong><\/p>\n<p>Neben den beiden grossen Fasnachts-Regionen in Luzern und Basel finden auch in anderen Regionen Fasnachts-Umz\u00fcge und -Feiern statt.<br \/>\nHier ein kleiner \u00dcberblick:<\/p>\n<ul>\n<li><strong>Z\u00fcrich<\/strong>: Die Zwingli-Stadt ist traditionell protestantisch und verf\u00fcgt \u00fcber wenig Fasnachts-Tradition. Trotzdem findet jedes Jahr ein <strong>grosser Umzug entlang der Limmat<\/strong> statt, der mit einer tollen Kulisse f\u00fcr Gross und Klein zum Spektakel wird &#8211; <strong>16.-18. Februar 2018<\/strong><\/li>\n<li><strong>Bern<\/strong>: In Bern hat sich in den letzten Jahren eine der gr\u00f6ssten Narrenveranstaltung entwickelt. Mit viel Schminke und tollen Kost\u00fcmen wird jeweils am Donnerstag der gefangene B\u00e4r aus dem K\u00e4figturm befreit. Die sogenannte <strong><em>B\u00e4rebefreiig<\/em><\/strong> ist der Startschuss f\u00fcr 3 Tage Farbe, Konfetti und Guggenmusik &#8211; <strong>15.-17. Februar 2018<\/strong><\/li>\n<li><strong>Biel<\/strong>: In Biel trumpfen vor allem die Kleinen auf, mit dem <strong>gr\u00f6ssten Kinderumzug der Schweiz<\/strong>. Durch die sch\u00f6ne Altstadt ziehen rund 1000 Kinder und Jugendliche in tollen Kost\u00fcmen und mit sch\u00f6ner Schminke und verz\u00fccken die vielen Zuschauer. Nach dem Umzug geht es zum Kinderball und Polonaise &#8211; <strong>14.-18. Februar 2018<\/strong><\/li>\n<li><strong>Bellinzona<\/strong>: In Bellinzona findet der sogenannte <strong><em>Rabadan<\/em><\/strong> statt. Mit vielen internationalen G\u00e4sten und unz\u00e4hligen Festzelten geh\u00f6rt dieser zu den gr\u00f6ssten Volksfesten und Fasnachtsumz\u00fcgen der Schweiz &#8211; <strong>8.-13. Februar 2018<\/strong><\/li>\n<li><strong>Solothurn<\/strong>: Seit 140 Jahren wird der Brauch der <em><strong>Chesslete<\/strong><\/em> gefeiert. Punkt 5 Uhr morgens versammeln sich die Chessler mit <strong>weissen Nachthemden, rotem Halstuch und Zipfelm\u00fctze<\/strong> auf dem Friedhofplatz und l\u00e4rmen auf allen m\u00f6glichen Instrumenten. Erlaubt ist alles: Pfannendeckel, Kuhglocken, R\u00e4tschen, Trommeln und weitere Accessoires die m\u00f6glichst viel L\u00e4rm produzieren. Um 6 Uhr wird dann in den Restaurants eine Mehlsuppe serviert. Der grosse Umzug findet dann jeweils am Sonntag statt und zum Ende wird in Z\u00fcrichmanier ein B\u00f6\u00f6g verbrannt am Aschermittwoch &#8211; <strong>8.-14. Februar 2018<\/strong><\/li>\n<\/ul>\n<p>Die allererste Fasnacht in der Schweiz fand aber nicht in der Stadt Basel oder am Vierwaldst\u00e4ttersee statt, sondern in B\u00fcren an der Aare mit dem sogenannten &#8222;<em><strong>Bure N\u00f6ijohr<\/strong><\/em>&#8222;.<\/p>\n<h3>Fasnachtskost\u00fcme und Zubeh\u00f6r<\/h3>\n<p>In unserem <span style=\"color: #ff9900;\"><a style=\"color: #ff9900;\" href=\"https:\/\/www.geschenkidee.ch\/anlass\/fasnacht?utm_source=Blog&amp;utm_medium=organic&amp;utm_content=fasnacht_2018\">Online-Shop<\/a><\/span> haben wir f\u00fcr alles Fasn\u00e4chtler und Liebhaber von Kost\u00fcmen und Schminke eine grosse Auswahl an Verkleidungen f\u00fcr M\u00e4dchen und Jungen sowie Erwachsene. Von Horror-Masken \u00fcber Theaterschminke bis hin zu Fun-Linsen findest du auf geschenkidee.ch zahlreiche Ideen f\u00fcr die diesj\u00e4hrige f\u00fcnfte Jahreszeit. Egal ob als Monster, als Prinzessin oder einfach nur mit Schminke im Gesicht &#8211; so wird die Fasnacht 2018 f\u00fcr dich sicherlich zu einem besonderen Erlebnis. Dann fehlen nur noch ein paar Schminktipps vom Profi und los sind die Narren.<\/p>\n<p>Wir freuen uns auf viel Farbe, Guggen und tolle Kost\u00fcme und w\u00fcnschen allen Fasnachts-Fans viel Spass an den sch\u00f6nsten Tagen im Jahr.<\/p>\n<p>Euer geschenkidee.ch-Team<\/p>\n","protected":false},"excerpt":{"rendered":"<p>Die Fasnacht &#8211; auch f\u00fcnfte Jahreszeit genannt &#8211; ist eine Tradition, die vor allem in Deutschland und der Schweiz gefeiert wird. Der Ursprung des Namens findet sich im Althochdeutschen und kommt von fasta (Fastenzeit) und naht (Nacht, Vorabend). Urspr\u00fcnglich war damit der Tag vor der Fastenzeit gemeint. In der Schweiz geht die moderne Fasnachtszeit vom [&hellip;]<\/p>\n","protected":false},"author":10,"featured_media":5458,"comment_status":"open","ping_status":"open","sticky":false,"template":"","format":"standard","meta":{"_monsterinsights_skip_tracking":false,"_monsterinsights_sitenote_active":false,"_monsterinsights_sitenote_note":"","_monsterinsights_sitenote_category":0},"categories":[844,846],"tags":[1164,1167,319,1162,1163,1169,1168,1170,1166,1165,1171,1172,1112],"yoast_head":"<!-- This site is optimized with the Yoast SEO plugin v16.1.1 - https:\/\/yoast.com\/wordpress\/plugins\/seo\/ -->\n<link rel=\"canonical\" href=\"https:\/\/www.geschenkidee.ch\/blog\/fasnacht-2018\/\" \/>\n<meta property=\"og:locale\" content=\"de_DE\" \/>\n<meta property=\"og:type\" content=\"article\" \/>\n<meta property=\"og:title\" content=\"Fasnacht 2018 - buntes Narrentreiben f\u00fcr Gross und Klein - Blog geschenkidee.ch\" \/>\n<meta property=\"og:description\" content=\"Die Fasnacht &#8211; auch f\u00fcnfte Jahreszeit genannt &#8211; ist eine Tradition, die vor allem in Deutschland und der Schweiz gefeiert wird. Der Ursprung des Namens findet sich im Althochdeutschen und kommt von fasta (Fastenzeit) und naht (Nacht, Vorabend). Urspr\u00fcnglich war damit der Tag vor der Fastenzeit gemeint. In der Schweiz geht die moderne Fasnachtszeit vom [&hellip;]\" \/>\n<meta property=\"og:url\" content=\"https:\/\/www.geschenkidee.ch\/blog\/fasnacht-2018\/\" \/>\n<meta property=\"og:site_name\" content=\"Blog geschenkidee.ch\" \/>\n<meta property=\"article:published_time\" content=\"2018-01-24T10:22:38+00:00\" \/>\n<meta property=\"article:modified_time\" content=\"2019-08-29T06:03:50+00:00\" \/>\n<meta property=\"og:image\" content=\"https:\/\/www.geschenkidee.ch\/blog\/wp-content\/uploads\/2018\/01\/Fasnacht-1024x601.png\" \/>\n\t<meta property=\"og:image:width\" content=\"1024\" \/>\n\t<meta property=\"og:image:height\" content=\"601\" \/>\n<meta name=\"twitter:card\" content=\"summary_large_image\" \/>\n<meta name=\"twitter:label1\" content=\"Gesch\u00e4tzte Lesezeit\">\n\t<meta name=\"twitter:data1\" content=\"4 Minuten\">\n<script type=\"application\/ld+json\" class=\"yoast-schema-graph\">{\"@context\":\"https:\/\/schema.org\",\"@graph\":[{\"@type\":\"WebSite\",\"@id\":\"https:\/\/www.geschenkidee.ch\/blog\/#website\",\"url\":\"https:\/\/www.geschenkidee.ch\/blog\/\",\"name\":\"Blog geschenkidee.ch\",\"description\":\"Der Blog f\\u00fcr Geschenkideen und f\\u00fcr alle Themen rund ums Schenken\",\"potentialAction\":[{\"@type\":\"SearchAction\",\"target\":\"https:\/\/www.geschenkidee.ch\/blog\/?s={search_term_string}\",\"query-input\":\"required name=search_term_string\"}],\"inLanguage\":\"de-DE\"},{\"@type\":\"ImageObject\",\"@id\":\"https:\/\/www.geschenkidee.ch\/blog\/fasnacht-2018\/#primaryimage\",\"inLanguage\":\"de-DE\",\"url\":\"https:\/\/www.geschenkidee.ch\/blog\/wp-content\/uploads\/2018\/01\/Fasnacht.png\",\"contentUrl\":\"https:\/\/www.geschenkidee.ch\/blog\/wp-content\/uploads\/2018\/01\/Fasnacht.png\",\"width\":1688,\"height\":990},{\"@type\":\"WebPage\",\"@id\":\"https:\/\/www.geschenkidee.ch\/blog\/fasnacht-2018\/#webpage\",\"url\":\"https:\/\/www.geschenkidee.ch\/blog\/fasnacht-2018\/\",\"name\":\"Fasnacht 2018 - buntes Narrentreiben f\\u00fcr Gross und Klein - Blog geschenkidee.ch\",\"isPartOf\":{\"@id\":\"https:\/\/www.geschenkidee.ch\/blog\/#website\"},\"primaryImageOfPage\":{\"@id\":\"https:\/\/www.geschenkidee.ch\/blog\/fasnacht-2018\/#primaryimage\"},\"datePublished\":\"2018-01-24T10:22:38+00:00\",\"dateModified\":\"2019-08-29T06:03:50+00:00\",\"author\":{\"@id\":\"https:\/\/www.geschenkidee.ch\/blog\/#\/schema\/person\/58989a6d6765d4d6540968d8660cde74\"},\"breadcrumb\":{\"@id\":\"https:\/\/www.geschenkidee.ch\/blog\/fasnacht-2018\/#breadcrumb\"},\"inLanguage\":\"de-DE\",\"potentialAction\":[{\"@type\":\"ReadAction\",\"target\":[\"https:\/\/www.geschenkidee.ch\/blog\/fasnacht-2018\/\"]}]},{\"@type\":\"BreadcrumbList\",\"@id\":\"https:\/\/www.geschenkidee.ch\/blog\/fasnacht-2018\/#breadcrumb\",\"itemListElement\":[{\"@type\":\"ListItem\",\"position\":1,\"item\":{\"@type\":\"WebPage\",\"@id\":\"https:\/\/www.geschenkidee.ch\/blog\/\",\"url\":\"https:\/\/www.geschenkidee.ch\/blog\/\",\"name\":\"Startseite\"}},{\"@type\":\"ListItem\",\"position\":2,\"item\":{\"@type\":\"WebPage\",\"@id\":\"https:\/\/www.geschenkidee.ch\/blog\/fasnacht-2018\/\",\"url\":\"https:\/\/www.geschenkidee.ch\/blog\/fasnacht-2018\/\",\"name\":\"Fasnacht 2018 &#8211; buntes Narrentreiben f\\u00fcr Gross und Klein\"}}]},{\"@type\":\"Person\",\"@id\":\"https:\/\/www.geschenkidee.ch\/blog\/#\/schema\/person\/58989a6d6765d4d6540968d8660cde74\",\"name\":\"Nathalie Blaser\",\"image\":{\"@type\":\"ImageObject\",\"@id\":\"https:\/\/www.geschenkidee.ch\/blog\/#personlogo\",\"inLanguage\":\"de-DE\",\"url\":\"https:\/\/secure.gravatar.com\/avatar\/57c21b6ad4104e758c36f1f431b30583?s=96&d=mm&r=g\",\"contentUrl\":\"https:\/\/secure.gravatar.com\/avatar\/57c21b6ad4104e758c36f1f431b30583?s=96&d=mm&r=g\",\"caption\":\"Nathalie Blaser\"},\"sameAs\":[\"http:\/\/geschenkidee.ch\"]}]}<\/script>\n<!-- \/ Yoast SEO plugin. -->","_links":{"self":[{"href":"https:\/\/www.geschenkidee.ch\/blog\/wp-json\/wp\/v2\/posts\/5454"}],"collection":[{"href":"https:\/\/www.geschenkidee.ch\/blog\/wp-json\/wp\/v2\/posts"}],"about":[{"href":"https:\/\/www.geschenkidee.ch\/blog\/wp-json\/wp\/v2\/types\/post"}],"author":[{"embeddable":true,"href":"https:\/\/www.geschenkidee.ch\/blog\/wp-json\/wp\/v2\/users\/10"}],"replies":[{"embeddable":true,"href":"https:\/\/www.geschenkidee.ch\/blog\/wp-json\/wp\/v2\/comments?post=5454"}],"version-history":[{"count":5,"href":"https:\/\/www.geschenkidee.ch\/blog\/wp-json\/wp\/v2\/posts\/5454\/revisions"}],"predecessor-version":[{"id":5460,"href":"https:\/\/www.geschenkidee.ch\/blog\/wp-json\/wp\/v2\/posts\/5454\/revisions\/5460"}],"wp:featuredmedia":[{"embeddable":true,"href":"https:\/\/www.geschenkidee.ch\/blog\/wp-json\/wp\/v2\/media\/5458"}],"wp:attachment":[{"href":"https:\/\/www.geschenkidee.ch\/blog\/wp-json\/wp\/v2\/media?parent=5454"}],"wp:term":[{"taxonomy":"category","embeddable":true,"href":"https:\/\/www.geschenkidee.ch\/blog\/wp-json\/wp\/v2\/categories?post=5454"},{"taxonomy":"post_tag","embeddable":true,"href":"https:\/\/www.geschenkidee.ch\/blog\/wp-json\/wp\/v2\/tags?post=5454"}],"curies":[{"name":"wp","href":"https:\/\/api.w.org\/{rel}","templated":true}]}}