{"id":5553,"date":"2021-02-17T10:00:58","date_gmt":"2021-02-17T09:00:58","guid":{"rendered":"https:\/\/www.geschenkidee.ch\/blog?p=5553"},"modified":"2021-03-11T08:39:29","modified_gmt":"2021-03-11T07:39:29","slug":"ostern-2021","status":"publish","type":"post","link":"https:\/\/www.geschenkidee.ch\/blog\/ostern-2021\/","title":{"rendered":"Ostern 2021 &#8211; Feiertage oder freie Tage?\u00a0"},"content":{"rendered":"\n<p>Die Tage werden bereits wieder l\u00e4ngern und somit steht bald auch wieder Ostern 2021 vor der T\u00fcr. F\u00fcr die meisten von uns gehen damit auch ein paar freie Tage von Karfreitag bis Ostermontag mit ein. Das Osterfest, eigentlich eine christliche Feier, wird heute vielerorts vor allem auch wegen den vier gesetzlichen Feiertagen gesch\u00e4tzt. Mit dem Karfreitag und dem Ostermontag fallen dabei zwei gesetzliche Feiertage auch immer auf Wochentage. Im Ursprung hat Ostern allerdings eine sehr religi\u00f6se Bedeutung. Der Feiertag h\u00e4ngt im Kalender auch mit vielen anderen Feiern wie Fasnacht, Pfingsten und Christi Himmelfahrt zusammen.<\/p>\n\n\n\n<h2>Kreuzigung und Auferstehung von Christus<\/h2>\n\n\n\n<p>Ostern gilt als das erste unter den christlichen Festen und wird dementsprechend hochfeierlich begangen. Eigentlich beginnt die Vorbereitung dieser Feiertage bereits einiges fr\u00fcher, mit dem Aschermittwoch, 40 Tag vor Ostern, an dem auch traditionell die Fasnachtszeit endet und die Fastenzeit beginnt. Mit dieser \u00f6sterlichen Busse wird die Auferstehung von Jesu Christi vorbereitet. Die erw\u00e4hnte Fastenzeit endet offiziell am Karsamstag, dem Samstag an Ostern.<\/p>\n\n\n\n<p>Die letzte Woche vor Ostern, auch <strong>Karwoche<\/strong> genannt, ist die <strong>wichtigste Woche des Kirchenjahres<\/strong>. Der erste gefeierte Tag ist der Palmsonntag, der letzte der Ostermontag, der allerdings bei den christlichen Feiern weit hinter dem Ostersonntag zur\u00fcck steht. Das eigentliche Oster Wochenende beginnt mit dem <strong>Karfreitag, dem Tag der Kreuzigung und des Todes von Jesus Christus<\/strong>. Am Oster Samstag endet die Fastenzeit, wodurch am Oster Sonntag auch zahlreiche Fest-Essen stattfinden, zur Feier der<strong> Auferstehung von Jesu Christi<\/strong>. 39 Tage nach der Auferstehung am Ostersonntag, kehrt Jesus an Christi Himmelfahrt (auch Auffahrt) zu seinem Vater in den Himmel zur\u00fcck. Dieses Datum ist ebenfalls heilig im christlichen Glauben.<\/p>\n\n\n\n<figure class=\"wp-block-image\"><img loading=\"lazy\" width=\"683\" height=\"1024\" src=\"https:\/\/www.geschenkidee.ch\/blogwp-content\/uploads\/2021\/02\/eugenivy_now-09I7_qrBqA8-unsplash-683x1024.jpg\" alt=\"Ostereierf\u00e4rben sit ein Spass f\u00fcr die ganze Familie.\" class=\"wp-image-6998\" srcset=\"https:\/\/www.geschenkidee.ch\/blog\/wp-content\/uploads\/2021\/02\/eugenivy_now-09I7_qrBqA8-unsplash-683x1024.jpg 683w, https:\/\/www.geschenkidee.ch\/blog\/wp-content\/uploads\/2021\/02\/eugenivy_now-09I7_qrBqA8-unsplash-200x300.jpg 200w, https:\/\/www.geschenkidee.ch\/blog\/wp-content\/uploads\/2021\/02\/eugenivy_now-09I7_qrBqA8-unsplash-768x1152.jpg 768w\" sizes=\"(max-width: 683px) 100vw, 683px\" \/><\/figure>\n\n\n\n<h2>Moderne Oster Br\u00e4uche und Ostern 2021<\/h2>\n\n\n\n<p>Zum &#8222;Termin&#8220; Ostern werden auf der ganzen Welt zahlreiche Br\u00e4uche gefeiert. In Finnland zum Beispiel schlagen sich Freunde und Familie an diesen Feiertagen mit einer weichen Birkenrute, um an die Palmzweige mit denen Jesus Christus empfangen wurde, zu erinnern. Am Ostersonntag findet ein Kinder Umzug statt. In Italien steht traditionell ebenfalls am Sonntag die Torta di Pasquetta auf dem Speiseplan. Eine Torte mit gekochten Eiern, Spinat und der sogenannten Ostertaube. In den deutschsprachigen Gebieten, aber auch in den Niederlanden, werden am Ostersonntag Osterk\u00f6rbe und -nester versteckt, gef\u00fcllt mit <strong>Hasen aus&nbsp;Schokolade und bunten Eiern<\/strong>, die die Kinder suchen m\u00fcssen bzw. d\u00fcrfen. Ausserdem wird das Osterfest heute neben den kirchlichen Feiern vor allem in der Familie gefeiert. Mit ausgiebigen <strong>Oster-Brunches<\/strong> wird heute am Ostersonntag dem eigentlichen Feiertag gedacht. Ostern 2021 findet Anfang April statt. Das genaue Datum f\u00fcr deinen Kalender: 5.- 8. April 2021.<\/p>\n\n\n\n<p>Egal ob ihr diesen Tag religi\u00f6s oder eher modern feiern werdet, wir haben euch auf jeden Fall schon einige Inspirationen im <span style=\"color: #ff9900;\"><a href=\"https:\/\/www.geschenkidee.ch\/ostern?utm_source=Blog&amp;utm_medium=organic&amp;utm_campaign=ostern2021\">Shop<\/a><\/span> zusammengestellt und melden uns wieder mit Deko- und Geschenkideen f\u00fcr Ostern 2021.<\/p>\n\n\n\n<p>Euer geschenkidee.ch-Team<\/p>\n","protected":false},"excerpt":{"rendered":"<p>Die Tage werden bereits wieder l\u00e4ngern und somit steht bald auch wieder Ostern 2021 vor der T\u00fcr. F\u00fcr die meisten von uns gehen damit auch ein paar freie Tage von Karfreitag bis Ostermontag mit ein. Das Osterfest, eigentlich eine christliche Feier, wird heute vielerorts vor allem auch wegen den vier gesetzlichen Feiertagen gesch\u00e4tzt. Mit dem [&hellip;]<\/p>\n","protected":false},"author":10,"featured_media":7000,"comment_status":"open","ping_status":"open","sticky":false,"template":"","format":"standard","meta":{"_monsterinsights_skip_tracking":false,"_monsterinsights_sitenote_active":false,"_monsterinsights_sitenote_note":"","_monsterinsights_sitenote_category":0},"categories":[844,1214],"tags":[232,1194,1195,1178,1197,1196,947,38,1781,353,1198],"yoast_head":"<!-- This site is optimized with the Yoast SEO plugin v16.1.1 - https:\/\/yoast.com\/wordpress\/plugins\/seo\/ -->\n<meta name=\"description\" content=\"Die Tage werden wieder l\u00e4ngern und somit steht bald auch wieder Ostern vor der T\u00fcr. Damit kommen auch die freien Tage. Doch woher kommt der Feiertag?\" \/>\n<link rel=\"canonical\" href=\"https:\/\/www.geschenkidee.ch\/blog\/ostern-2021\/\" \/>\n<meta property=\"og:locale\" content=\"de_DE\" \/>\n<meta property=\"og:type\" content=\"article\" \/>\n<meta property=\"og:title\" content=\"Ostern 2021 - Feiertage oder freie Tage?\u00a0 - Blog geschenkidee.ch\" \/>\n<meta property=\"og:description\" content=\"Die Tage werden wieder l\u00e4ngern und somit steht bald auch wieder Ostern vor der T\u00fcr. Damit kommen auch die freien Tage. Doch woher kommt der Feiertag?\" \/>\n<meta property=\"og:url\" content=\"https:\/\/www.geschenkidee.ch\/blog\/ostern-2021\/\" \/>\n<meta property=\"og:site_name\" content=\"Blog geschenkidee.ch\" \/>\n<meta property=\"article:published_time\" content=\"2021-02-17T09:00:58+00:00\" \/>\n<meta property=\"article:modified_time\" content=\"2021-03-11T07:39:29+00:00\" \/>\n<meta property=\"og:image\" content=\"https:\/\/www.geschenkidee.ch\/blog\/wp-content\/uploads\/2020\/03\/paima-beaute-cOGa69JAAcw-unsplash.jpg\" \/>\n\t<meta property=\"og:image:width\" content=\"3008\" \/>\n\t<meta property=\"og:image:height\" content=\"2000\" \/>\n<meta name=\"twitter:card\" content=\"summary_large_image\" \/>\n<meta name=\"twitter:label1\" content=\"Gesch\u00e4tzte Lesezeit\">\n\t<meta name=\"twitter:data1\" content=\"2 Minuten\">\n<script type=\"application\/ld+json\" class=\"yoast-schema-graph\">{\"@context\":\"https:\/\/schema.org\",\"@graph\":[{\"@type\":\"WebSite\",\"@id\":\"https:\/\/www.geschenkidee.ch\/blog\/#website\",\"url\":\"https:\/\/www.geschenkidee.ch\/blog\/\",\"name\":\"Blog geschenkidee.ch\",\"description\":\"Der Blog f\\u00fcr Geschenkideen und f\\u00fcr alle Themen rund ums Schenken\",\"potentialAction\":[{\"@type\":\"SearchAction\",\"target\":\"https:\/\/www.geschenkidee.ch\/blog\/?s={search_term_string}\",\"query-input\":\"required name=search_term_string\"}],\"inLanguage\":\"de-DE\"},{\"@type\":\"ImageObject\",\"@id\":\"https:\/\/www.geschenkidee.ch\/blog\/ostern-2021\/#primaryimage\",\"inLanguage\":\"de-DE\",\"url\":\"https:\/\/www.geschenkidee.ch\/blog\/wp-content\/uploads\/2020\/03\/paima-beaute-cOGa69JAAcw-unsplash.jpg\",\"contentUrl\":\"https:\/\/www.geschenkidee.ch\/blog\/wp-content\/uploads\/2020\/03\/paima-beaute-cOGa69JAAcw-unsplash.jpg\",\"width\":3008,\"height\":2000,\"caption\":\"Ostern 2021\"},{\"@type\":\"WebPage\",\"@id\":\"https:\/\/www.geschenkidee.ch\/blog\/ostern-2021\/#webpage\",\"url\":\"https:\/\/www.geschenkidee.ch\/blog\/ostern-2021\/\",\"name\":\"Ostern 2021 - Feiertage oder freie Tage?\\u00a0 - Blog geschenkidee.ch\",\"isPartOf\":{\"@id\":\"https:\/\/www.geschenkidee.ch\/blog\/#website\"},\"primaryImageOfPage\":{\"@id\":\"https:\/\/www.geschenkidee.ch\/blog\/ostern-2021\/#primaryimage\"},\"datePublished\":\"2021-02-17T09:00:58+00:00\",\"dateModified\":\"2021-03-11T07:39:29+00:00\",\"author\":{\"@id\":\"https:\/\/www.geschenkidee.ch\/blog\/#\/schema\/person\/58989a6d6765d4d6540968d8660cde74\"},\"description\":\"Die Tage werden wieder l\\u00e4ngern und somit steht bald auch wieder Ostern vor der T\\u00fcr. Damit kommen auch die freien Tage. Doch woher kommt der Feiertag?\",\"breadcrumb\":{\"@id\":\"https:\/\/www.geschenkidee.ch\/blog\/ostern-2021\/#breadcrumb\"},\"inLanguage\":\"de-DE\",\"potentialAction\":[{\"@type\":\"ReadAction\",\"target\":[\"https:\/\/www.geschenkidee.ch\/blog\/ostern-2021\/\"]}]},{\"@type\":\"BreadcrumbList\",\"@id\":\"https:\/\/www.geschenkidee.ch\/blog\/ostern-2021\/#breadcrumb\",\"itemListElement\":[{\"@type\":\"ListItem\",\"position\":1,\"item\":{\"@type\":\"WebPage\",\"@id\":\"https:\/\/www.geschenkidee.ch\/blog\/\",\"url\":\"https:\/\/www.geschenkidee.ch\/blog\/\",\"name\":\"Startseite\"}},{\"@type\":\"ListItem\",\"position\":2,\"item\":{\"@type\":\"WebPage\",\"@id\":\"https:\/\/www.geschenkidee.ch\/blog\/ostern-2021\/\",\"url\":\"https:\/\/www.geschenkidee.ch\/blog\/ostern-2021\/\",\"name\":\"Ostern 2021 &#8211; Feiertage oder freie Tage?\\u00a0\"}}]},{\"@type\":\"Person\",\"@id\":\"https:\/\/www.geschenkidee.ch\/blog\/#\/schema\/person\/58989a6d6765d4d6540968d8660cde74\",\"name\":\"Nathalie Blaser\",\"image\":{\"@type\":\"ImageObject\",\"@id\":\"https:\/\/www.geschenkidee.ch\/blog\/#personlogo\",\"inLanguage\":\"de-DE\",\"url\":\"https:\/\/secure.gravatar.com\/avatar\/57c21b6ad4104e758c36f1f431b30583?s=96&d=mm&r=g\",\"contentUrl\":\"https:\/\/secure.gravatar.com\/avatar\/57c21b6ad4104e758c36f1f431b30583?s=96&d=mm&r=g\",\"caption\":\"Nathalie Blaser\"},\"sameAs\":[\"http:\/\/geschenkidee.ch\"]}]}<\/script>\n<!-- \/ Yoast SEO plugin. -->","_links":{"self":[{"href":"https:\/\/www.geschenkidee.ch\/blog\/wp-json\/wp\/v2\/posts\/5553"}],"collection":[{"href":"https:\/\/www.geschenkidee.ch\/blog\/wp-json\/wp\/v2\/posts"}],"about":[{"href":"https:\/\/www.geschenkidee.ch\/blog\/wp-json\/wp\/v2\/types\/post"}],"author":[{"embeddable":true,"href":"https:\/\/www.geschenkidee.ch\/blog\/wp-json\/wp\/v2\/users\/10"}],"replies":[{"embeddable":true,"href":"https:\/\/www.geschenkidee.ch\/blog\/wp-json\/wp\/v2\/comments?post=5553"}],"version-history":[{"count":15,"href":"https:\/\/www.geschenkidee.ch\/blog\/wp-json\/wp\/v2\/posts\/5553\/revisions"}],"predecessor-version":[{"id":7007,"href":"https:\/\/www.geschenkidee.ch\/blog\/wp-json\/wp\/v2\/posts\/5553\/revisions\/7007"}],"wp:featuredmedia":[{"embeddable":true,"href":"https:\/\/www.geschenkidee.ch\/blog\/wp-json\/wp\/v2\/media\/7000"}],"wp:attachment":[{"href":"https:\/\/www.geschenkidee.ch\/blog\/wp-json\/wp\/v2\/media?parent=5553"}],"wp:term":[{"taxonomy":"category","embeddable":true,"href":"https:\/\/www.geschenkidee.ch\/blog\/wp-json\/wp\/v2\/categories?post=5553"},{"taxonomy":"post_tag","embeddable":true,"href":"https:\/\/www.geschenkidee.ch\/blog\/wp-json\/wp\/v2\/tags?post=5553"}],"curies":[{"name":"wp","href":"https:\/\/api.w.org\/{rel}","templated":true}]}}