{"id":5627,"date":"2018-02-28T09:22:40","date_gmt":"2018-02-28T08:22:40","guid":{"rendered":"https:\/\/www.geschenkidee.ch\/blog?p=5627"},"modified":"2019-08-29T07:05:12","modified_gmt":"2019-08-29T06:05:12","slug":"starke-frauen-frauentag","status":"publish","type":"post","link":"https:\/\/www.geschenkidee.ch\/blog\/starke-frauen-frauentag\/","title":{"rendered":"Starke Frauen braucht die Welt &#8211; Gedanken zum Internationalen Frauentag"},"content":{"rendered":"<p>Am <strong>8. M\u00e4rz wird auf der ganzen Welt der Internationale Frauentag<\/strong> gefeiert. Aber im Gegensatz zu vielen anderen Feiertagen wird zu diesem Anlass nicht unbedingt gejubelt, sondern eher immer noch etwas geweint. In vielen L\u00e4ngern wird auf immer noch bestehende Missst\u00e4nde bez\u00fcglich der Gleichstellung von Mann und Frau hingewiesen. Aber auch Themen wie <strong>Frauen-Stimmrecht, Verst\u00fcmmelung von Frauen oder h\u00e4usliche und sexuelle Gewalt an Frauen<\/strong> sind immer wieder im Fokus. Die Rechte der Frau werden auch dieses Jahr wieder am Frauentag proklamiert werden &#8211; und das ist gut so.<\/p>\n<h3>Entstehung und Entwicklung des Frauentags<\/h3>\n<p>Der Internationale Frauentag, auch <strong>&#8222;Tag der Vereinten Nationen f\u00fcr die Rechte der Frau&#8220;<\/strong> genannt, wird wie erw\u00e4hnt weltweit am 8. M\u00e4rz von verschiedenen (Frauen-)Organisationen begangen. Die Anf\u00e4nge des Frauentags gehen zur\u00fcck in die Zeit um den Ersten Weltkrieg. Das erste Mal erw\u00e4hnt wird der Feiertag, als die <strong>deutsche Sozialistin Clara Zetkin<\/strong> an der Zweiten Internationalen Sozialistischen Frauenkonferenz 1910 gegen der Willen der m\u00e4nnlichen Partei-Kollegen einen internationalen Frauentag einf\u00fchren m\u00f6chte. Bereits 1909 gab es diesen ersten Frauentag in den USA. Dieser wird danach als Vorbild f\u00fcr die deutsche und auch schweizerische Frauenbewegung fungieren. Der erste Frauentag in Europa wurde am <strong>19. M\u00e4rz 1911<\/strong> Tatsache, und zwar in D\u00e4nemark, \u00d6sterreich-Ungarn, Deutschland und der Schweiz. Doch trotz ihrer Vorreiterrolle in dieser Hinsicht, haben die Schweizer B\u00fcrgerinnen einen steinigen Weg zur\u00fcck gelegt. Denn zum Beispiel was das Frauenstimmrecht angeht, war die Schweiz ganz weit hinten. Das Stimmrecht f\u00fcr Frauen wurde n\u00e4mlich im letzten Kanton erst 1990 eingef\u00fchrt. Auch heute haben Frauen trotz Gleichstellungsgesetzen in vielen L\u00e4ndern in einigen Hinsichten noch immer nicht die gleichen Rechte wie M\u00e4nner, man denke zum Beispiel an die <strong>Lohngleichheit, die auch aktuell wieder Thema der Schweizer Regierung<\/strong> ist.<\/p>\n<h3>Weltweite Br\u00e4uche und Sitten<\/h3>\n<p>Nicht \u00fcberall ist der Internationale Frauentag ein gesetzlicher Feiertag, in vielen L\u00e4ndern aber schon. Zum Beispiel in China ist der Nachmittag f\u00fcr alle Frauen arbeitsfrei. Auch in Russland wird der Tag gesetzlich gefeiert, allerdings mit einer etwas speziellen Methode. Wenn der 8. M\u00e4rz hier auf einen Samstag oder Sonntag f\u00e4llt, ist der darauf folgende Montag f\u00fcr alle arbeitsfrei. Bei uns wird an diesem Tag ganz normal gearbeitet. In vielen gr\u00f6sseren und kleineren Schweizer und europ\u00e4ischen St\u00e4dten wird am Frauentag aber jeweils demonstriert &#8211; f\u00fcr mehr Frauenrechte, Gleichstellung und weniger Gewalt.<\/p>\n<p>Allerdings werden vor allem in den Frauenbewegungen auch immer wieder Stimmen laut, die eine Abschaffung des Frauentags fordern, denn solang wir einen Frauentag feiern, haben wir keine Gleichstellung zwischen Mann und Frau, lauten die Parolen. In der Tat gibt es im Gegensatz zum Frauentag, keinen M\u00e4nnertag. Um es in den Worten von Marthe Gosteli, einer Schweizer Pionierin als Frauenrechtlerin, zu sagen: <strong>&#8222;Man muss handeln und nicht demonstrieren!&#8220;<\/strong><\/p>\n<p>In vielen L\u00e4ndern aber werden die Rechte der Frauen immer noch nicht mit den M\u00e4nnern gleichgestellt, so in einigen Themen auch in der Schweiz.<\/p>\n<h3>Mehr Liebe braucht die Welt<\/h3>\n<p>Egal wie es um die politische und wirtschaftliche Gleichstellung steht, in der Familie haben die meisten Frauen einen ganz speziellen Stellenwert. Ohne die Frauen w\u00fcrde eine Familie weder entstehen noch am Leben bleiben. So werden Frauen nicht umsonst heimlich (oder auch nicht so heimlich), das starke Geschlecht genannt. Um den Frauen in deinem Leben zu gedenken, zeigen wir dir ein paar <span style=\"color: #ff9900;\"><a style=\"color: #ff9900;\" href=\"https:\/\/www.geschenkidee.ch\/empfaenger\/geschenke-fuer-sie?utm_source=Blog&amp;utm_medium=organic&amp;utm_content=frauentag-2018\">sch\u00f6ne Geschenkideen speziell f\u00fcr das weibliche Geschlecht<\/a><\/span>. Vielleicht ist ja auch f\u00fcr dich was dabei, denn kleine Geschenke erhalten die Freundschaft, die Liebe und die Familie.<\/p>\n<p><img class=\"alignleft\" src=\"https:\/\/magentoimage.geschenkidee.ch\/cHJvZHVjdF9pZD0xNTEwNDcmaW1hZ2VfbnVtPTEmd2lkdGg9MTE4JmhlaWdodD0xMTgmX191PWQ1NTUzOGUyYjhjMg~~\/led-infinity-herz-spiegel.jpg\" alt=\"LED Infinity Herz Spiegel\" \/>\u00a0<span style=\"color: #000000;\"><strong><a style=\"color: #000000;\" href=\"https:\/\/www.geschenkidee.ch\/p\/151047-led-infinity-herz-spiegel?utm_source=Blog&amp;utm_medium=organic&amp;utm_content=frauentag-2018\">LED Infinity Herz Spiegel<\/a><\/strong> <\/span>&#8211; ein Geschenk f\u00fcr ewige Liebe und Zuneigung. Als Deko Element und Spiegel verzaubert dieses Geschenk jede Frau und macht sich im Zuhause besonders gut.<\/p>\n<p>&nbsp;<\/p>\n<p><img class=\"alignright\" src=\"https:\/\/magentoimage.geschenkidee.ch\/cHJvZHVjdF9pZD0xMzgxMzAmaW1hZ2VfbnVtPTEmd2lkdGg9MTE4JmhlaWdodD0xMTgmX191PWQ0OWZiNThjNTgxMg~~\/personalisierbarer-schluesselanhaenger-schutzengel.jpg\" alt=\"Personalisierbarer Schl\u00fcsselanh\u00e4nger Schutzengel\" \/><\/p>\n<p>&nbsp;<\/p>\n<p><span style=\"color: #000000;\"><strong><a style=\"color: #000000;\" href=\"https:\/\/www.geschenkidee.ch\/p\/138130-personalisierbarer-schluesselanhaenger-schutzengel?utm_source=Blog&amp;utm_medium=organic&amp;utm_content=frauentag-2018\">Personalisierbarer Schl\u00fcsselanh\u00e4nger Schutzengel<\/a><\/strong> <\/span>&#8211; Ein Schutzengel braucht jede Frau. Mit diesem Schl\u00fcsselanh\u00e4nger haben deine Liebsten das Gl\u00fcck immer mit dabei und gleichzeitig einen sch\u00f6nen Gedanken an den Schenkenden.<\/p>\n<p><img class=\"alignleft\" src=\"https:\/\/magentoimage.geschenkidee.ch\/cHJvZHVjdF9pZD02MjI4NCZpbWFnZV9udW09MSZ3aWR0aD0xMTgmaGVpZ2h0PTExOCZfX3U9N2Q3ODBiZTBmNGEy\/personalisierbarer-anhaenger-herz-mit-swarovskikristallen.jpg\" alt=\"Personalisierbarer Anh\u00e4nger Herz mit Swarovskikristallen\" \/><\/p>\n<p>&nbsp;<\/p>\n<p><span style=\"color: #000000;\"><a style=\"color: #000000;\" href=\"https:\/\/www.geschenkidee.ch\/p\/62284-personalisierbarer-anhaenger-herz-mit-swarovskikristallen?utm_source=Blog&amp;utm_medium=organic&amp;utm_content=frauentag-2018\"><strong>Personalisierbarer Anh\u00e4nger Herz mit Swarovskikristallen<\/strong><\/a> <\/span>&#8211; Ein tolles Geschenk f\u00fcr alle Frauen dieser Welt und ein besonderes Zeichen der Zuneigung. Mit diesem edlen Schmuckst\u00fcck am Hals, f\u00fchlt sich jede Frau wie eine kleine Prinzessin.<\/p>\n<p>&nbsp;<\/p>\n<p>F\u00fcr noch mehr Geschenke und Ideen, wie du deine Lieben begl\u00fccken kannst, schau bald wieder bei uns rein.<\/p>\n<p>Dein geschenkidee.ch-Team<\/p>\n","protected":false},"excerpt":{"rendered":"<p>Am 8. M\u00e4rz wird auf der ganzen Welt der Internationale Frauentag gefeiert. Aber im Gegensatz zu vielen anderen Feiertagen wird zu diesem Anlass nicht unbedingt gejubelt, sondern eher immer noch etwas geweint. In vielen L\u00e4ngern wird auf immer noch bestehende Missst\u00e4nde bez\u00fcglich der Gleichstellung von Mann und Frau hingewiesen. Aber auch Themen wie Frauen-Stimmrecht, Verst\u00fcmmelung [&hellip;]<\/p>\n","protected":false},"author":10,"featured_media":5632,"comment_status":"open","ping_status":"open","sticky":false,"template":"","format":"standard","meta":{"_monsterinsights_skip_tracking":false,"_monsterinsights_sitenote_active":false,"_monsterinsights_sitenote_note":"","_monsterinsights_sitenote_category":0},"categories":[844,17,842],"tags":[576,1235,1233,1231,1229,1234,1236,1228,1232,1230],"yoast_head":"<!-- This site is optimized with the Yoast SEO plugin v16.1.1 - https:\/\/yoast.com\/wordpress\/plugins\/seo\/ -->\n<link rel=\"canonical\" href=\"https:\/\/www.geschenkidee.ch\/blog\/starke-frauen-frauentag\/\" \/>\n<meta property=\"og:locale\" content=\"de_DE\" \/>\n<meta property=\"og:type\" content=\"article\" \/>\n<meta property=\"og:title\" content=\"Starke Frauen braucht die Welt - Gedanken zum Internationalen Frauentag - Blog geschenkidee.ch\" \/>\n<meta property=\"og:description\" content=\"Am 8. M\u00e4rz wird auf der ganzen Welt der Internationale Frauentag gefeiert. Aber im Gegensatz zu vielen anderen Feiertagen wird zu diesem Anlass nicht unbedingt gejubelt, sondern eher immer noch etwas geweint. In vielen L\u00e4ngern wird auf immer noch bestehende Missst\u00e4nde bez\u00fcglich der Gleichstellung von Mann und Frau hingewiesen. Aber auch Themen wie Frauen-Stimmrecht, Verst\u00fcmmelung [&hellip;]\" \/>\n<meta property=\"og:url\" content=\"https:\/\/www.geschenkidee.ch\/blog\/starke-frauen-frauentag\/\" \/>\n<meta property=\"og:site_name\" content=\"Blog geschenkidee.ch\" \/>\n<meta property=\"article:published_time\" content=\"2018-02-28T08:22:40+00:00\" \/>\n<meta property=\"article:modified_time\" content=\"2019-08-29T06:05:12+00:00\" \/>\n<meta property=\"og:image\" content=\"https:\/\/www.geschenkidee.ch\/blog\/wp-content\/uploads\/2018\/02\/Fotolia_96910263_S.jpg\" \/>\n\t<meta property=\"og:image:width\" content=\"928\" \/>\n\t<meta property=\"og:image:height\" content=\"517\" \/>\n<meta name=\"twitter:card\" content=\"summary_large_image\" \/>\n<meta name=\"twitter:label1\" content=\"Gesch\u00e4tzte Lesezeit\">\n\t<meta name=\"twitter:data1\" content=\"4 Minuten\">\n<script type=\"application\/ld+json\" class=\"yoast-schema-graph\">{\"@context\":\"https:\/\/schema.org\",\"@graph\":[{\"@type\":\"WebSite\",\"@id\":\"https:\/\/www.geschenkidee.ch\/blog\/#website\",\"url\":\"https:\/\/www.geschenkidee.ch\/blog\/\",\"name\":\"Blog geschenkidee.ch\",\"description\":\"Der Blog f\\u00fcr Geschenkideen und f\\u00fcr alle Themen rund ums Schenken\",\"potentialAction\":[{\"@type\":\"SearchAction\",\"target\":\"https:\/\/www.geschenkidee.ch\/blog\/?s={search_term_string}\",\"query-input\":\"required name=search_term_string\"}],\"inLanguage\":\"de-DE\"},{\"@type\":\"ImageObject\",\"@id\":\"https:\/\/www.geschenkidee.ch\/blog\/starke-frauen-frauentag\/#primaryimage\",\"inLanguage\":\"de-DE\",\"url\":\"https:\/\/www.geschenkidee.ch\/blog\/wp-content\/uploads\/2018\/02\/Fotolia_96910263_S.jpg\",\"contentUrl\":\"https:\/\/www.geschenkidee.ch\/blog\/wp-content\/uploads\/2018\/02\/Fotolia_96910263_S.jpg\",\"width\":928,\"height\":517},{\"@type\":\"WebPage\",\"@id\":\"https:\/\/www.geschenkidee.ch\/blog\/starke-frauen-frauentag\/#webpage\",\"url\":\"https:\/\/www.geschenkidee.ch\/blog\/starke-frauen-frauentag\/\",\"name\":\"Starke Frauen braucht die Welt - Gedanken zum Internationalen Frauentag - Blog geschenkidee.ch\",\"isPartOf\":{\"@id\":\"https:\/\/www.geschenkidee.ch\/blog\/#website\"},\"primaryImageOfPage\":{\"@id\":\"https:\/\/www.geschenkidee.ch\/blog\/starke-frauen-frauentag\/#primaryimage\"},\"datePublished\":\"2018-02-28T08:22:40+00:00\",\"dateModified\":\"2019-08-29T06:05:12+00:00\",\"author\":{\"@id\":\"https:\/\/www.geschenkidee.ch\/blog\/#\/schema\/person\/58989a6d6765d4d6540968d8660cde74\"},\"breadcrumb\":{\"@id\":\"https:\/\/www.geschenkidee.ch\/blog\/starke-frauen-frauentag\/#breadcrumb\"},\"inLanguage\":\"de-DE\",\"potentialAction\":[{\"@type\":\"ReadAction\",\"target\":[\"https:\/\/www.geschenkidee.ch\/blog\/starke-frauen-frauentag\/\"]}]},{\"@type\":\"BreadcrumbList\",\"@id\":\"https:\/\/www.geschenkidee.ch\/blog\/starke-frauen-frauentag\/#breadcrumb\",\"itemListElement\":[{\"@type\":\"ListItem\",\"position\":1,\"item\":{\"@type\":\"WebPage\",\"@id\":\"https:\/\/www.geschenkidee.ch\/blog\/\",\"url\":\"https:\/\/www.geschenkidee.ch\/blog\/\",\"name\":\"Startseite\"}},{\"@type\":\"ListItem\",\"position\":2,\"item\":{\"@type\":\"WebPage\",\"@id\":\"https:\/\/www.geschenkidee.ch\/blog\/starke-frauen-frauentag\/\",\"url\":\"https:\/\/www.geschenkidee.ch\/blog\/starke-frauen-frauentag\/\",\"name\":\"Starke Frauen braucht die Welt &#8211; Gedanken zum Internationalen Frauentag\"}}]},{\"@type\":\"Person\",\"@id\":\"https:\/\/www.geschenkidee.ch\/blog\/#\/schema\/person\/58989a6d6765d4d6540968d8660cde74\",\"name\":\"Nathalie Blaser\",\"image\":{\"@type\":\"ImageObject\",\"@id\":\"https:\/\/www.geschenkidee.ch\/blog\/#personlogo\",\"inLanguage\":\"de-DE\",\"url\":\"https:\/\/secure.gravatar.com\/avatar\/57c21b6ad4104e758c36f1f431b30583?s=96&d=mm&r=g\",\"contentUrl\":\"https:\/\/secure.gravatar.com\/avatar\/57c21b6ad4104e758c36f1f431b30583?s=96&d=mm&r=g\",\"caption\":\"Nathalie Blaser\"},\"sameAs\":[\"http:\/\/geschenkidee.ch\"]}]}<\/script>\n<!-- \/ Yoast SEO plugin. -->","_links":{"self":[{"href":"https:\/\/www.geschenkidee.ch\/blog\/wp-json\/wp\/v2\/posts\/5627"}],"collection":[{"href":"https:\/\/www.geschenkidee.ch\/blog\/wp-json\/wp\/v2\/posts"}],"about":[{"href":"https:\/\/www.geschenkidee.ch\/blog\/wp-json\/wp\/v2\/types\/post"}],"author":[{"embeddable":true,"href":"https:\/\/www.geschenkidee.ch\/blog\/wp-json\/wp\/v2\/users\/10"}],"replies":[{"embeddable":true,"href":"https:\/\/www.geschenkidee.ch\/blog\/wp-json\/wp\/v2\/comments?post=5627"}],"version-history":[{"count":9,"href":"https:\/\/www.geschenkidee.ch\/blog\/wp-json\/wp\/v2\/posts\/5627\/revisions"}],"predecessor-version":[{"id":5657,"href":"https:\/\/www.geschenkidee.ch\/blog\/wp-json\/wp\/v2\/posts\/5627\/revisions\/5657"}],"wp:featuredmedia":[{"embeddable":true,"href":"https:\/\/www.geschenkidee.ch\/blog\/wp-json\/wp\/v2\/media\/5632"}],"wp:attachment":[{"href":"https:\/\/www.geschenkidee.ch\/blog\/wp-json\/wp\/v2\/media?parent=5627"}],"wp:term":[{"taxonomy":"category","embeddable":true,"href":"https:\/\/www.geschenkidee.ch\/blog\/wp-json\/wp\/v2\/categories?post=5627"},{"taxonomy":"post_tag","embeddable":true,"href":"https:\/\/www.geschenkidee.ch\/blog\/wp-json\/wp\/v2\/tags?post=5627"}],"curies":[{"name":"wp","href":"https:\/\/api.w.org\/{rel}","templated":true}]}}