{"id":5652,"date":"2018-03-09T08:13:15","date_gmt":"2018-03-09T07:13:15","guid":{"rendered":"https:\/\/www.geschenkidee.ch\/blog?p=5652"},"modified":"2019-08-29T07:03:45","modified_gmt":"2019-08-29T06:03:45","slug":"ab-in-den-fruehling","status":"publish","type":"post","link":"https:\/\/www.geschenkidee.ch\/blog\/ab-in-den-fruehling\/","title":{"rendered":"Ab in den Fr\u00fchling!"},"content":{"rendered":"<p>Nach den letzten Winter Wochen mit Minustemperaturen an der Grenze zum Ertr\u00e4glichen, schaut der Fr\u00fchling nun so langsam aber sicher zu uns herein. Der meteorologische Fr\u00fchlingsanfang 2018 haben wir am 1. M\u00e4rz ja bereits erleben, notta bene bei Minus 10 Grad im Schweizer Flachland. Der kalendarische Fr\u00fchlingsanfang folgt in K\u00fcrze. Dieser ist am 20. M\u00e4rz 2018. Fr\u00fchlingsbeginn bedeutet immer auch das Erwachen von Natur und Menschen.<\/p>\n<h3>Fr\u00fchlingsanfang &#8211; alles erwacht dank der Sonne!<\/h3>\n<p>P\u00fcnktlich zum Fr\u00fchlingsanfang erwachen meistens auch die ersten Fr\u00fchlingsblumen zum Leben. Die Tiere kommen aus ihren H\u00f6hlen und auch die Menschen wagen sich wieder vermehrt aus dem Haus auf die Strasse. Die Schweiz erwacht zu neuem Leben und wir sind mittendrin. Wir lieben die verschiedenen Jahreszeiten und selbstverst\u00e4ndlich brauchen wir zur neuen Jahreszeit Fr\u00fchling auch ein paar neue Gadgets, Kleider und Geschenkideen, die wir euch mit Vergn\u00fcgen in unserem Shop zeigen. Da haben wir euch <span style=\"color: #ff9900;\"><a style=\"color: #ff9900;\" href=\"https:\/\/www.geschenkidee.ch\/geschenke\/fruehlingsanfang?utm_source=Blog&amp;utm_medium=organic&amp;utm_content=fruelingsanfang\">passende Geschenkideen zum Fr\u00fchlingsanfang<\/a><\/span> zusammen gestellt. Damit lassen sich dein Zuhause, dein Garten oder dein Wochenende so richtig sch\u00f6n fr\u00fchlingshaft gestalten.<\/p>\n<h3>Fr\u00fchlingsbilder lassen dein Zuhause erstrahlen<\/h3>\n<p>Wenn die Sonne so langsam die Gesichter w\u00e4rmt und die Bl\u00fcten aus der Erde zu spriessen beginnen, steigt unsere Stimmung meist von selber an.\u00a0Dank den sch\u00f6nen Bildern des Fr\u00fchlings ist der Winter schnell vergessen. Mit Beginn der 1. Jahreszeit wird der Blick wieder klarer, die Fotos heller, die Deko farbiger und die Geschenke ausgefallener. Der Fr\u00fchling ist schliesslich auch der erste Bote des Sommers. Die gr\u00fcnen Wiesen, die rosa Bl\u00fcten des Kirschbaums und die gelben Osterglocken machen jede Landschaft zum perfekten Sujet f\u00fcr alle Hobby Fotografen unter euch. Mit solchen Bildern lassen sich auch ganz einfach kleine Deko-Elemente passend zum Fr\u00fchling basteln. Wie das geht, zeigen wir euch bald in einem neuen Blog Post.<\/p>\n<h3>Byebye Winter, hallo Fr\u00fchling<\/h3>\n<p>Also sag dem Winter Tsch\u00fcss und freue dich auf einen sch\u00f6nen, warmen und aufregenden Fr\u00fchling. Nicht selten lassen sich n\u00e4mlich auch ein paar ungeahnte Schmetterlinge im Bauch zum Leben erwecken. Bei einem fr\u00fchlingshaften Fr\u00fchst\u00fcck auf dem See, einem romantischen Picknick oder einem faszinierenden Wander-Trip kann da Vieles geschehen. Was der Fr\u00fchling alles bringt, das weiss der Himmel. Wir freuen uns aber auf einen tollen Fr\u00fchlingsanfang in der Schweiz und w\u00fcnschen viel Freude mit den neuen Gadgets.<\/p>\n<p>Lieber Fr\u00fchling: Lass das Fr\u00fchlingsgef\u00fchl erwachen und die Sonne scheinen.\u00a0Happy Spring-Time!<\/p>\n<p>Euer geschenkidee.ch-Team<\/p>\n<p>&nbsp;<\/p>\n","protected":false},"excerpt":{"rendered":"<p>Nach den letzten Winter Wochen mit Minustemperaturen an der Grenze zum Ertr\u00e4glichen, schaut der Fr\u00fchling nun so langsam aber sicher zu uns herein. Der meteorologische Fr\u00fchlingsanfang 2018 haben wir am 1. M\u00e4rz ja bereits erleben, notta bene bei Minus 10 Grad im Schweizer Flachland. Der kalendarische Fr\u00fchlingsanfang folgt in K\u00fcrze. Dieser ist am 20. M\u00e4rz [&hellip;]<\/p>\n","protected":false},"author":10,"featured_media":5656,"comment_status":"open","ping_status":"open","sticky":false,"template":"","format":"standard","meta":{"_monsterinsights_skip_tracking":false,"_monsterinsights_sitenote_active":false,"_monsterinsights_sitenote_note":"","_monsterinsights_sitenote_category":0},"categories":[1251],"tags":[84,1257,1258,1253,1256,1254,1255,323],"yoast_head":"<!-- This site is optimized with the Yoast SEO plugin v16.1.1 - https:\/\/yoast.com\/wordpress\/plugins\/seo\/ -->\n<link rel=\"canonical\" href=\"https:\/\/www.geschenkidee.ch\/blog\/ab-in-den-fruehling\/\" \/>\n<meta property=\"og:locale\" content=\"de_DE\" \/>\n<meta property=\"og:type\" content=\"article\" \/>\n<meta property=\"og:title\" content=\"Ab in den Fr\u00fchling! - Blog geschenkidee.ch\" \/>\n<meta property=\"og:description\" content=\"Nach den letzten Winter Wochen mit Minustemperaturen an der Grenze zum Ertr\u00e4glichen, schaut der Fr\u00fchling nun so langsam aber sicher zu uns herein. Der meteorologische Fr\u00fchlingsanfang 2018 haben wir am 1. M\u00e4rz ja bereits erleben, notta bene bei Minus 10 Grad im Schweizer Flachland. Der kalendarische Fr\u00fchlingsanfang folgt in K\u00fcrze. Dieser ist am 20. M\u00e4rz [&hellip;]\" \/>\n<meta property=\"og:url\" content=\"https:\/\/www.geschenkidee.ch\/blog\/ab-in-den-fruehling\/\" \/>\n<meta property=\"og:site_name\" content=\"Blog geschenkidee.ch\" \/>\n<meta property=\"article:published_time\" content=\"2018-03-09T07:13:15+00:00\" \/>\n<meta property=\"article:modified_time\" content=\"2019-08-29T06:03:45+00:00\" \/>\n<meta property=\"og:image\" content=\"https:\/\/www.geschenkidee.ch\/blog\/wp-content\/uploads\/2018\/03\/wild-flowers-flowers-plant-macro-40797.jpeg\" \/>\n\t<meta property=\"og:image:width\" content=\"3531\" \/>\n\t<meta property=\"og:image:height\" content=\"1562\" \/>\n<meta name=\"twitter:card\" content=\"summary_large_image\" \/>\n<meta name=\"twitter:label1\" content=\"Gesch\u00e4tzte Lesezeit\">\n\t<meta name=\"twitter:data1\" content=\"2 Minuten\">\n<script type=\"application\/ld+json\" class=\"yoast-schema-graph\">{\"@context\":\"https:\/\/schema.org\",\"@graph\":[{\"@type\":\"WebSite\",\"@id\":\"https:\/\/www.geschenkidee.ch\/blog\/#website\",\"url\":\"https:\/\/www.geschenkidee.ch\/blog\/\",\"name\":\"Blog geschenkidee.ch\",\"description\":\"Der Blog f\\u00fcr Geschenkideen und f\\u00fcr alle Themen rund ums Schenken\",\"potentialAction\":[{\"@type\":\"SearchAction\",\"target\":\"https:\/\/www.geschenkidee.ch\/blog\/?s={search_term_string}\",\"query-input\":\"required name=search_term_string\"}],\"inLanguage\":\"de-DE\"},{\"@type\":\"ImageObject\",\"@id\":\"https:\/\/www.geschenkidee.ch\/blog\/ab-in-den-fruehling\/#primaryimage\",\"inLanguage\":\"de-DE\",\"url\":\"https:\/\/www.geschenkidee.ch\/blog\/wp-content\/uploads\/2018\/03\/wild-flowers-flowers-plant-macro-40797.jpeg\",\"contentUrl\":\"https:\/\/www.geschenkidee.ch\/blog\/wp-content\/uploads\/2018\/03\/wild-flowers-flowers-plant-macro-40797.jpeg\",\"width\":3531,\"height\":1562},{\"@type\":\"WebPage\",\"@id\":\"https:\/\/www.geschenkidee.ch\/blog\/ab-in-den-fruehling\/#webpage\",\"url\":\"https:\/\/www.geschenkidee.ch\/blog\/ab-in-den-fruehling\/\",\"name\":\"Ab in den Fr\\u00fchling! - Blog geschenkidee.ch\",\"isPartOf\":{\"@id\":\"https:\/\/www.geschenkidee.ch\/blog\/#website\"},\"primaryImageOfPage\":{\"@id\":\"https:\/\/www.geschenkidee.ch\/blog\/ab-in-den-fruehling\/#primaryimage\"},\"datePublished\":\"2018-03-09T07:13:15+00:00\",\"dateModified\":\"2019-08-29T06:03:45+00:00\",\"author\":{\"@id\":\"https:\/\/www.geschenkidee.ch\/blog\/#\/schema\/person\/58989a6d6765d4d6540968d8660cde74\"},\"breadcrumb\":{\"@id\":\"https:\/\/www.geschenkidee.ch\/blog\/ab-in-den-fruehling\/#breadcrumb\"},\"inLanguage\":\"de-DE\",\"potentialAction\":[{\"@type\":\"ReadAction\",\"target\":[\"https:\/\/www.geschenkidee.ch\/blog\/ab-in-den-fruehling\/\"]}]},{\"@type\":\"BreadcrumbList\",\"@id\":\"https:\/\/www.geschenkidee.ch\/blog\/ab-in-den-fruehling\/#breadcrumb\",\"itemListElement\":[{\"@type\":\"ListItem\",\"position\":1,\"item\":{\"@type\":\"WebPage\",\"@id\":\"https:\/\/www.geschenkidee.ch\/blog\/\",\"url\":\"https:\/\/www.geschenkidee.ch\/blog\/\",\"name\":\"Startseite\"}},{\"@type\":\"ListItem\",\"position\":2,\"item\":{\"@type\":\"WebPage\",\"@id\":\"https:\/\/www.geschenkidee.ch\/blog\/ab-in-den-fruehling\/\",\"url\":\"https:\/\/www.geschenkidee.ch\/blog\/ab-in-den-fruehling\/\",\"name\":\"Ab in den Fr\\u00fchling!\"}}]},{\"@type\":\"Person\",\"@id\":\"https:\/\/www.geschenkidee.ch\/blog\/#\/schema\/person\/58989a6d6765d4d6540968d8660cde74\",\"name\":\"Nathalie Blaser\",\"image\":{\"@type\":\"ImageObject\",\"@id\":\"https:\/\/www.geschenkidee.ch\/blog\/#personlogo\",\"inLanguage\":\"de-DE\",\"url\":\"https:\/\/secure.gravatar.com\/avatar\/57c21b6ad4104e758c36f1f431b30583?s=96&d=mm&r=g\",\"contentUrl\":\"https:\/\/secure.gravatar.com\/avatar\/57c21b6ad4104e758c36f1f431b30583?s=96&d=mm&r=g\",\"caption\":\"Nathalie Blaser\"},\"sameAs\":[\"http:\/\/geschenkidee.ch\"]}]}<\/script>\n<!-- \/ Yoast SEO plugin. -->","_links":{"self":[{"href":"https:\/\/www.geschenkidee.ch\/blog\/wp-json\/wp\/v2\/posts\/5652"}],"collection":[{"href":"https:\/\/www.geschenkidee.ch\/blog\/wp-json\/wp\/v2\/posts"}],"about":[{"href":"https:\/\/www.geschenkidee.ch\/blog\/wp-json\/wp\/v2\/types\/post"}],"author":[{"embeddable":true,"href":"https:\/\/www.geschenkidee.ch\/blog\/wp-json\/wp\/v2\/users\/10"}],"replies":[{"embeddable":true,"href":"https:\/\/www.geschenkidee.ch\/blog\/wp-json\/wp\/v2\/comments?post=5652"}],"version-history":[{"count":3,"href":"https:\/\/www.geschenkidee.ch\/blog\/wp-json\/wp\/v2\/posts\/5652\/revisions"}],"predecessor-version":[{"id":5684,"href":"https:\/\/www.geschenkidee.ch\/blog\/wp-json\/wp\/v2\/posts\/5652\/revisions\/5684"}],"wp:featuredmedia":[{"embeddable":true,"href":"https:\/\/www.geschenkidee.ch\/blog\/wp-json\/wp\/v2\/media\/5656"}],"wp:attachment":[{"href":"https:\/\/www.geschenkidee.ch\/blog\/wp-json\/wp\/v2\/media?parent=5652"}],"wp:term":[{"taxonomy":"category","embeddable":true,"href":"https:\/\/www.geschenkidee.ch\/blog\/wp-json\/wp\/v2\/categories?post=5652"},{"taxonomy":"post_tag","embeddable":true,"href":"https:\/\/www.geschenkidee.ch\/blog\/wp-json\/wp\/v2\/tags?post=5652"}],"curies":[{"name":"wp","href":"https:\/\/api.w.org\/{rel}","templated":true}]}}