{"id":5669,"date":"2019-03-15T09:06:11","date_gmt":"2019-03-15T08:06:11","guid":{"rendered":"https:\/\/www.geschenkidee.ch\/blog?p=5669"},"modified":"2019-08-29T07:05:27","modified_gmt":"2019-08-29T06:05:27","slug":"zeit-fuer-sommer-wieso-stellen-wir-die-uhren-um","status":"publish","type":"post","link":"https:\/\/www.geschenkidee.ch\/blog\/zeit-fuer-sommer-wieso-stellen-wir-die-uhren-um\/","title":{"rendered":"Zeit f\u00fcr Sommer &#8211; Wieso stellen wir die Uhren um?"},"content":{"rendered":"<p>Trotz den baldigen Abstimmungen der EU \u00fcber die Zukunft der Zeitumstellung wird in wenigen Tagen in unseren Breitengraden wieder die Uhr umgestellt. In der Nacht vom Samstag auf Sonntag, also am <strong>31. M\u00e4rz 2019 um 02:00 Uhr<\/strong> ist es soweit und die Uhren werden schweizweit eine Stunde nach vorne gedreht. Von Winterzeit auf Sommerzeit halt, wie jedes Jahr. Doch wieso genau klauen die uns schon wieder diese eine Stunde wertvollen Schlaf?<\/p>\n<h3>Was hat es mit der Sommerzeit auf sich? Ursprung und Erkl\u00e4rung der Zeitumstellung<\/h3>\n<p>Als Erfinder der Sommerzeit gilt der Brite William Willett. Bei einem morgendlichen Ausritt stellte er angeblich fest, dass die Fensterl\u00e4den bei den meisten H\u00e4user noch geschlossen waren, um das Sonnenlicht am fr\u00fchen Morgen auszusperren. Mit seiner Idee der &#8222;<strong>Daylight Saving Time<\/strong>&#8220; schlug er deshalb bereits 1907 vor, die Uhren im Sommer um 80 Minuten vorzustellen, um das Tageslicht am Abend besser nutzen zu k\u00f6nnen und Kosten f\u00fcr die Beleuchtung zu sparen. In vielen L\u00e4ndern mit gem\u00e4sstigten Zonen wurde diese Idee sp\u00e4ter \u00fcbernommen.<\/p>\n<h3>Die Schweiz und die Sommerzeit<\/h3>\n<p>Das Thema wurde in unseren Regionen erstmals 1916 aktuell, als Deutschland und \u00d6sterreich-Ungarn die Zeitumstellung einf\u00fchrten, um dank der <strong>besseren Nutzung des Tageslichts<\/strong> <strong>Energie zu sparen<\/strong>. Nach dem Ersten Weltkrieg f\u00fchrte auch die Schweiz vor\u00fcbergehend (f\u00fcr 2 Jahre) die Sommerzeit ein. Diese dauerte im Gegensatz zu heute allerdings nur von Anfang Mai bis Anfang Oktober. Als <strong>Reaktion auf die \u00d6lkrise<\/strong>, die 1973 ihren H\u00f6hepunkt erreichte, entschieden sich die L\u00e4nder der Europ\u00e4ischen Gemeinschaft geschlossen zur Einf\u00fchrung der Sommerzeit. Bereits 1977 wollte die Schweizer Regierung diesem Beispiel folgen, um nicht als sogenannte &#8222;<strong>Zeitinsel<\/strong>&#8220; dazustehen. 1978 wurde die Sommerzeit vom Schweizer Volk in einer Abstimmung allerdings deutlich abgelehnt, wodurch 1980 die Bef\u00fcrchtungen des Bundesrates eintrafen und die Schweiz als einziger Staat mit Normalzeit inmitten von Nachbarl\u00e4ndern mit Sommerzeit stand. Ein unzumutbarer Zustand f\u00fcr viele Unternehmen. Die SBB zum Beispiel musste mit Notfahrpl\u00e4nen arbeiten, um den Transport der G\u00e4ste zu gew\u00e4hrleisten. 1981 folgte dann auch die Schweiz dem Gleichschritt der europ\u00e4ischen L\u00e4nder und f\u00fchrte nach missgl\u00fccktem Referendum die bis heute bestehende Sommerzeit von Ende M\u00e4rz bis Ende Oktober ein.<\/p>\n<h3>5 Facts zur Zeitumstellung &#8211; good to know!<\/h3>\n<ul>\n<li>Die korrekte Zeit ist die Winterzeit. Die Sommerzeit ist somit eine <strong>Abweichung der mitteleurop\u00e4ischen &#8222;Normalzeit&#8220;<\/strong>.<\/li>\n<li>1982 versuchte der junge Z\u00fcrcher Nationalrat Christoph Blocher das &#8222;<strong>Zeit-Diktat aus Br\u00fcssel<\/strong>&#8220; abzuwenden &#8211; ohne Erfolg.<\/li>\n<li>In Deutschland gab es zwischenzeitlich sogar eine sogenannte &#8222;<strong>Hochsommerzeit<\/strong>&#8222;. Von 1947 bis 1949 wurden von Mitte Mai bis Ende Juni die Uhren nochmals um eine Stunde vorgestellt.<\/li>\n<li>Das <strong>Hormon Melatonin<\/strong> steuert unseren Tag-Nacht-Rhythmus. Durch die Zeitumstellung wird diese beeintr\u00e4chtigt und stellt sich erst mit Verz\u00f6gerung auf die neue Situation ein. Vor allem die Umstellung im M\u00e4rz und der Beginn der Sommerzeit kann daher f\u00fcr den K\u00f6rper einiges an Belastung bedeuten.<\/li>\n<li>Der Nutzen der Sommerzeit ist schon seit vielen Jahren umstritten. Die negativsten Berechnungen sagen dabei sogar einen <strong>erh\u00f6hten Energieverbrauch durch die Sommerzeit<\/strong> voraus.<\/li>\n<\/ul>\n<p>Allen Widrigkeiten und Umst\u00e4nden zum Trotz hat die Sommerzeit auch was Gutes. Dank der Zeitumstellung werden wir jeweils Ende M\u00e4rz ein erstes Mal auf Sommer eingestellt. Die Abende werden l\u00e4nger und die Fr\u00fchlingsgef\u00fchle st\u00e4rker.<\/p>\n<p>In diesem Sinne: Auf einen baldigen, sch\u00f6nen und heissen Sommer! Und um diesen so richtig einzul\u00e4uten, schau dir doch schon mal ein paar<strong> <span style=\"color: #ff9900;\"><a style=\"color: #ff9900;\" href=\"https:\/\/www.geschenkidee.ch\/geschenke\/sommerprodukte?utm_source=Blog&amp;utm_medium=organic&amp;utm_campaign=Sommerzeit-2018&amp;utm_content=sommerzeit\">Must-Haves f\u00fcr die diesj\u00e4hrige Sommer-Saison<\/a><\/span><\/strong> bei uns an. We love Summer!<\/p>\n<p>Euer geschenkidee.ch-Team<\/p>\n","protected":false},"excerpt":{"rendered":"<p>Trotz den baldigen Abstimmungen der EU \u00fcber die Zukunft der Zeitumstellung wird in wenigen Tagen in unseren Breitengraden wieder die Uhr umgestellt. In der Nacht vom Samstag auf Sonntag, also am 31. M\u00e4rz 2019 um 02:00 Uhr ist es soweit und die Uhren werden schweizweit eine Stunde nach vorne gedreht. Von Winterzeit auf Sommerzeit halt, [&hellip;]<\/p>\n","protected":false},"author":10,"featured_media":5671,"comment_status":"open","ping_status":"open","sticky":false,"template":"","format":"standard","meta":{"_monsterinsights_skip_tracking":false,"_monsterinsights_sitenote_active":false,"_monsterinsights_sitenote_note":"","_monsterinsights_sitenote_category":0},"categories":[1251,842],"tags":[1269,93,1267,1268,1270,284,1271,34],"yoast_head":"<!-- This site is optimized with the Yoast SEO plugin v16.1.1 - https:\/\/yoast.com\/wordpress\/plugins\/seo\/ -->\n<link rel=\"canonical\" href=\"https:\/\/www.geschenkidee.ch\/blog\/zeit-fuer-sommer-wieso-stellen-wir-die-uhren-um\/\" \/>\n<meta property=\"og:locale\" content=\"de_DE\" \/>\n<meta property=\"og:type\" content=\"article\" \/>\n<meta property=\"og:title\" content=\"Zeit f\u00fcr Sommer - Wieso stellen wir die Uhren um? - Blog geschenkidee.ch\" \/>\n<meta property=\"og:description\" content=\"Trotz den baldigen Abstimmungen der EU \u00fcber die Zukunft der Zeitumstellung wird in wenigen Tagen in unseren Breitengraden wieder die Uhr umgestellt. In der Nacht vom Samstag auf Sonntag, also am 31. M\u00e4rz 2019 um 02:00 Uhr ist es soweit und die Uhren werden schweizweit eine Stunde nach vorne gedreht. Von Winterzeit auf Sommerzeit halt, [&hellip;]\" \/>\n<meta property=\"og:url\" content=\"https:\/\/www.geschenkidee.ch\/blog\/zeit-fuer-sommer-wieso-stellen-wir-die-uhren-um\/\" \/>\n<meta property=\"og:site_name\" content=\"Blog geschenkidee.ch\" \/>\n<meta property=\"article:published_time\" content=\"2019-03-15T08:06:11+00:00\" \/>\n<meta property=\"article:modified_time\" content=\"2019-08-29T06:05:27+00:00\" \/>\n<meta property=\"og:image\" content=\"https:\/\/www.geschenkidee.ch\/blog\/wp-content\/uploads\/2018\/03\/alarm-clock-2175382_1920.jpg\" \/>\n\t<meta property=\"og:image:width\" content=\"1920\" \/>\n\t<meta property=\"og:image:height\" content=\"1181\" \/>\n<meta name=\"twitter:card\" content=\"summary_large_image\" \/>\n<meta name=\"twitter:label1\" content=\"Gesch\u00e4tzte Lesezeit\">\n\t<meta name=\"twitter:data1\" content=\"3 Minuten\">\n<script type=\"application\/ld+json\" class=\"yoast-schema-graph\">{\"@context\":\"https:\/\/schema.org\",\"@graph\":[{\"@type\":\"WebSite\",\"@id\":\"https:\/\/www.geschenkidee.ch\/blog\/#website\",\"url\":\"https:\/\/www.geschenkidee.ch\/blog\/\",\"name\":\"Blog geschenkidee.ch\",\"description\":\"Der Blog f\\u00fcr Geschenkideen und f\\u00fcr alle Themen rund ums Schenken\",\"potentialAction\":[{\"@type\":\"SearchAction\",\"target\":\"https:\/\/www.geschenkidee.ch\/blog\/?s={search_term_string}\",\"query-input\":\"required name=search_term_string\"}],\"inLanguage\":\"de-DE\"},{\"@type\":\"ImageObject\",\"@id\":\"https:\/\/www.geschenkidee.ch\/blog\/zeit-fuer-sommer-wieso-stellen-wir-die-uhren-um\/#primaryimage\",\"inLanguage\":\"de-DE\",\"url\":\"https:\/\/www.geschenkidee.ch\/blog\/wp-content\/uploads\/2018\/03\/alarm-clock-2175382_1920.jpg\",\"contentUrl\":\"https:\/\/www.geschenkidee.ch\/blog\/wp-content\/uploads\/2018\/03\/alarm-clock-2175382_1920.jpg\",\"width\":1920,\"height\":1181},{\"@type\":\"WebPage\",\"@id\":\"https:\/\/www.geschenkidee.ch\/blog\/zeit-fuer-sommer-wieso-stellen-wir-die-uhren-um\/#webpage\",\"url\":\"https:\/\/www.geschenkidee.ch\/blog\/zeit-fuer-sommer-wieso-stellen-wir-die-uhren-um\/\",\"name\":\"Zeit f\\u00fcr Sommer - Wieso stellen wir die Uhren um? - Blog geschenkidee.ch\",\"isPartOf\":{\"@id\":\"https:\/\/www.geschenkidee.ch\/blog\/#website\"},\"primaryImageOfPage\":{\"@id\":\"https:\/\/www.geschenkidee.ch\/blog\/zeit-fuer-sommer-wieso-stellen-wir-die-uhren-um\/#primaryimage\"},\"datePublished\":\"2019-03-15T08:06:11+00:00\",\"dateModified\":\"2019-08-29T06:05:27+00:00\",\"author\":{\"@id\":\"https:\/\/www.geschenkidee.ch\/blog\/#\/schema\/person\/58989a6d6765d4d6540968d8660cde74\"},\"breadcrumb\":{\"@id\":\"https:\/\/www.geschenkidee.ch\/blog\/zeit-fuer-sommer-wieso-stellen-wir-die-uhren-um\/#breadcrumb\"},\"inLanguage\":\"de-DE\",\"potentialAction\":[{\"@type\":\"ReadAction\",\"target\":[\"https:\/\/www.geschenkidee.ch\/blog\/zeit-fuer-sommer-wieso-stellen-wir-die-uhren-um\/\"]}]},{\"@type\":\"BreadcrumbList\",\"@id\":\"https:\/\/www.geschenkidee.ch\/blog\/zeit-fuer-sommer-wieso-stellen-wir-die-uhren-um\/#breadcrumb\",\"itemListElement\":[{\"@type\":\"ListItem\",\"position\":1,\"item\":{\"@type\":\"WebPage\",\"@id\":\"https:\/\/www.geschenkidee.ch\/blog\/\",\"url\":\"https:\/\/www.geschenkidee.ch\/blog\/\",\"name\":\"Startseite\"}},{\"@type\":\"ListItem\",\"position\":2,\"item\":{\"@type\":\"WebPage\",\"@id\":\"https:\/\/www.geschenkidee.ch\/blog\/zeit-fuer-sommer-wieso-stellen-wir-die-uhren-um\/\",\"url\":\"https:\/\/www.geschenkidee.ch\/blog\/zeit-fuer-sommer-wieso-stellen-wir-die-uhren-um\/\",\"name\":\"Zeit f\\u00fcr Sommer &#8211; Wieso stellen wir die Uhren um?\"}}]},{\"@type\":\"Person\",\"@id\":\"https:\/\/www.geschenkidee.ch\/blog\/#\/schema\/person\/58989a6d6765d4d6540968d8660cde74\",\"name\":\"Nathalie Blaser\",\"image\":{\"@type\":\"ImageObject\",\"@id\":\"https:\/\/www.geschenkidee.ch\/blog\/#personlogo\",\"inLanguage\":\"de-DE\",\"url\":\"https:\/\/secure.gravatar.com\/avatar\/57c21b6ad4104e758c36f1f431b30583?s=96&d=mm&r=g\",\"contentUrl\":\"https:\/\/secure.gravatar.com\/avatar\/57c21b6ad4104e758c36f1f431b30583?s=96&d=mm&r=g\",\"caption\":\"Nathalie Blaser\"},\"sameAs\":[\"http:\/\/geschenkidee.ch\"]}]}<\/script>\n<!-- \/ Yoast SEO plugin. -->","_links":{"self":[{"href":"https:\/\/www.geschenkidee.ch\/blog\/wp-json\/wp\/v2\/posts\/5669"}],"collection":[{"href":"https:\/\/www.geschenkidee.ch\/blog\/wp-json\/wp\/v2\/posts"}],"about":[{"href":"https:\/\/www.geschenkidee.ch\/blog\/wp-json\/wp\/v2\/types\/post"}],"author":[{"embeddable":true,"href":"https:\/\/www.geschenkidee.ch\/blog\/wp-json\/wp\/v2\/users\/10"}],"replies":[{"embeddable":true,"href":"https:\/\/www.geschenkidee.ch\/blog\/wp-json\/wp\/v2\/comments?post=5669"}],"version-history":[{"count":5,"href":"https:\/\/www.geschenkidee.ch\/blog\/wp-json\/wp\/v2\/posts\/5669\/revisions"}],"predecessor-version":[{"id":6278,"href":"https:\/\/www.geschenkidee.ch\/blog\/wp-json\/wp\/v2\/posts\/5669\/revisions\/6278"}],"wp:featuredmedia":[{"embeddable":true,"href":"https:\/\/www.geschenkidee.ch\/blog\/wp-json\/wp\/v2\/media\/5671"}],"wp:attachment":[{"href":"https:\/\/www.geschenkidee.ch\/blog\/wp-json\/wp\/v2\/media?parent=5669"}],"wp:term":[{"taxonomy":"category","embeddable":true,"href":"https:\/\/www.geschenkidee.ch\/blog\/wp-json\/wp\/v2\/categories?post=5669"},{"taxonomy":"post_tag","embeddable":true,"href":"https:\/\/www.geschenkidee.ch\/blog\/wp-json\/wp\/v2\/tags?post=5669"}],"curies":[{"name":"wp","href":"https:\/\/api.w.org\/{rel}","templated":true}]}}