{"id":6229,"date":"2019-02-12T10:34:42","date_gmt":"2019-02-12T09:34:42","guid":{"rendered":"https:\/\/www.geschenkidee.ch\/blog?p=6229"},"modified":"2019-08-29T07:03:50","modified_gmt":"2019-08-29T06:03:50","slug":"fasnacht-2019-daten-und-termine","status":"publish","type":"post","link":"https:\/\/www.geschenkidee.ch\/blog\/fasnacht-2019-daten-und-termine\/","title":{"rendered":"Fasnacht 2019 &#8211; Daten und Termine"},"content":{"rendered":"\n<p>Bald starten f\u00fcr viele Fasnachts-Fans wieder die sch\u00f6nsten drei Tage des Jahres. Ende Februar 2019 h\u00e4lt das bunte und wilde Treiben der Fasn\u00e4chtler in den ersten Gemeinden und Kantonen Einzug und verzaubert Klein und Gross. Den Startschuss zur diesj\u00e4hrigen Fasnachtszeit f\u00e4llt am 28. Februar 2019 unter anderem an folgenden Orten: Bellinzona, Bassersdorf, Luzern und Schwyz. Die Fasnachtszeit 2019 beginnt also traditionsgem\u00e4ss mit dem Schmutzigen Donnerstag in der Innerschweiz. Die Basler Fasnacht 2019 wie auch die in Bern oder Z\u00fcrich l\u00e4sst noch ein paar Tage l\u00e4nger auf sich warten. Der legend\u00e4re Morgestraich in Basel erfolgt erst am 11. M\u00e4rz 2019. Weitere H\u00f6hepunkte wie Fasnachtsumz\u00fcge, laute Guggenmusiken, lustige Schnitzelb\u00e4nke aus den Z\u00fcnften und kreative Verkleidungen und Kost\u00fcme finden sich in zahlreichen Ortschaften der ganzen Schweiz. Hier die wichtigsten Termine im \u00dcberblick.&nbsp;<\/p>\n\n\n\n<p><a href=\"https:\/\/www.fasnachts-comite.ch\/\" target=\"_blank\" rel=\"noreferrer noopener\" aria-label=\"Basler Fasnacht (\u00f6ffnet in neuem Tab)\">Basler Fasnacht<\/a> &#8211; 11.3.-13.3.2019<\/p>\n\n\n\n<p><a href=\"http:\/\/www.lfk.ch\/fasnachts-programm\/\" target=\"_blank\" rel=\"noreferrer noopener\" aria-label=\"Luzerner Fasnacht (\u00f6ffnet in neuem Tab)\">Luzerner Fasnacht<\/a> &#8211; 28.2.-5.3.2019<\/p>\n\n\n\n<p><a href=\"https:\/\/fasnacht.be\/index.php?page=verein&amp;act=news\" target=\"_blank\" rel=\"noreferrer noopener\" aria-label=\"Berner Fasnacht (\u00f6ffnet in neuem Tab)\">Berner Fasnacht<\/a> &#8211; 7.-9.3.2019<\/p>\n\n\n\n<p><a href=\"http:\/\/www.fakoba.ch\/\" target=\"_blank\" rel=\"noreferrer noopener\" aria-label=\"Fasnacht Bassersdorf (\u00f6ffnet in neuem Tab)\">Fasnacht Bassersdorf<\/a> &#8211; 28.2.-4.3.2019<\/p>\n\n\n\n<p><a href=\"http:\/\/www.lfg.ch\/\" target=\"_blank\" rel=\"noreferrer noopener\" aria-label=\"Langenthaler Fasnacht (\u00f6ffnet in neuem Tab)\">Langenthaler Fasnacht<\/a> &#8211; 8.3.-12.3.2019<\/p>\n\n\n\n<p><a href=\"http:\/\/www.rabadan.ch\/?view=1001\" target=\"_blank\" rel=\"noreferrer noopener\" aria-label=\"Bellinzona Rabadan (\u00f6ffnet in neuem Tab)\">Bellinzona Rabadan<\/a> &#8211; 28.2.-5.3.2019<\/p>\n\n\n\n<p><a href=\"https:\/\/schwyzer-fasnacht.ch\/\" target=\"_blank\" rel=\"noreferrer noopener\" aria-label=\"Fasnacht Schwyz (\u00f6ffnet in neuem Tab)\">Fasnacht Schwyz<\/a> &#8211; 28.2.-5.3.2019<\/p>\n\n\n\n<p><a href=\"http:\/\/zurichcarneval.ch\/\" target=\"_blank\" rel=\"noreferrer noopener\" aria-label=\"Z\u00fcrich Carneval (\u00f6ffnet in neuem Tab)\">Z\u00fcrich Carneval<\/a> &#8211; diverse Daten (8.3.-11.3.2019)<\/p>\n\n\n\n<p>Auf den jeweiligen Seiten findest du die detaillierten Infos, ob die grossen Umz\u00fcge Samstag oder Sonntag stattfinden, um welche Uhrzeit sich die Z\u00fcnfte f\u00fcr den Morgestraich einfinden und in welcher Gasse sich die meisten Guggen zusammenfinden. So wird die Fasnacht 2019 f\u00fcr alle Sympathisanten garantiert zu einem richtigen Highlight.&nbsp;<\/p>\n\n\n\n<p>Falls du noch Kost\u00fcm Ideen oder Accessoires ben\u00f6tigst, schau doch mal bei uns im Shop rein. Wir haben viele\u00a0<a href=\"https:\/\/www.geschenkidee.ch\/anlass\/fasnacht-halloween?utm_source=Blog&amp;utm_medium=organic&amp;utm_campaign=fasnacht-2019\">coole und witzige Fasnachtskost\u00fcme<\/a>\u00a0im Angebot.\u00a0<\/p>\n\n\n\n<p>Wir w\u00fcnschen buntes und n\u00e4rrisches Treiben und viel Spass bei der Fasnacht 2019.&nbsp;<\/p>\n\n\n\n<p>Euer geschenkidee.ch-Team<\/p>\n","protected":false},"excerpt":{"rendered":"<p>Bald starten f\u00fcr viele Fasnachts-Fans wieder die sch\u00f6nsten drei Tage des Jahres. Ende Februar 2019 h\u00e4lt das bunte und wilde Treiben der Fasn\u00e4chtler in den ersten Gemeinden und Kantonen Einzug und verzaubert Klein und Gross. Den Startschuss zur diesj\u00e4hrigen Fasnachtszeit f\u00e4llt am 28. Februar 2019 unter anderem an folgenden Orten: Bellinzona, Bassersdorf, Luzern und Schwyz. [&hellip;]<\/p>\n","protected":false},"author":10,"featured_media":6231,"comment_status":"open","ping_status":"open","sticky":false,"template":"","format":"standard","meta":{"_monsterinsights_skip_tracking":false,"_monsterinsights_sitenote_active":false,"_monsterinsights_sitenote_note":"","_monsterinsights_sitenote_category":0},"categories":[844,1251,845,1275],"tags":[1561,1564,319,1560,1562,1563],"yoast_head":"<!-- This site is optimized with the Yoast SEO plugin v16.1.1 - https:\/\/yoast.com\/wordpress\/plugins\/seo\/ -->\n<link rel=\"canonical\" href=\"https:\/\/www.geschenkidee.ch\/blog\/fasnacht-2019-daten-und-termine\/\" \/>\n<meta property=\"og:locale\" content=\"de_DE\" \/>\n<meta property=\"og:type\" content=\"article\" \/>\n<meta property=\"og:title\" content=\"Fasnacht 2019 - Daten und Termine - Blog geschenkidee.ch\" \/>\n<meta property=\"og:description\" content=\"Bald starten f\u00fcr viele Fasnachts-Fans wieder die sch\u00f6nsten drei Tage des Jahres. Ende Februar 2019 h\u00e4lt das bunte und wilde Treiben der Fasn\u00e4chtler in den ersten Gemeinden und Kantonen Einzug und verzaubert Klein und Gross. Den Startschuss zur diesj\u00e4hrigen Fasnachtszeit f\u00e4llt am 28. Februar 2019 unter anderem an folgenden Orten: Bellinzona, Bassersdorf, Luzern und Schwyz. [&hellip;]\" \/>\n<meta property=\"og:url\" content=\"https:\/\/www.geschenkidee.ch\/blog\/fasnacht-2019-daten-und-termine\/\" \/>\n<meta property=\"og:site_name\" content=\"Blog geschenkidee.ch\" \/>\n<meta property=\"article:published_time\" content=\"2019-02-12T09:34:42+00:00\" \/>\n<meta property=\"article:modified_time\" content=\"2019-08-29T06:03:50+00:00\" \/>\n<meta property=\"og:image\" content=\"https:\/\/www.geschenkidee.ch\/blog\/wp-content\/uploads\/2019\/02\/carnival-2092819_1920.jpg\" \/>\n\t<meta property=\"og:image:width\" content=\"1920\" \/>\n\t<meta property=\"og:image:height\" content=\"1280\" \/>\n<meta name=\"twitter:card\" content=\"summary_large_image\" \/>\n<meta name=\"twitter:label1\" content=\"Gesch\u00e4tzte Lesezeit\">\n\t<meta name=\"twitter:data1\" content=\"1 Minute\">\n<script type=\"application\/ld+json\" class=\"yoast-schema-graph\">{\"@context\":\"https:\/\/schema.org\",\"@graph\":[{\"@type\":\"WebSite\",\"@id\":\"https:\/\/www.geschenkidee.ch\/blog\/#website\",\"url\":\"https:\/\/www.geschenkidee.ch\/blog\/\",\"name\":\"Blog geschenkidee.ch\",\"description\":\"Der Blog f\\u00fcr Geschenkideen und f\\u00fcr alle Themen rund ums Schenken\",\"potentialAction\":[{\"@type\":\"SearchAction\",\"target\":\"https:\/\/www.geschenkidee.ch\/blog\/?s={search_term_string}\",\"query-input\":\"required name=search_term_string\"}],\"inLanguage\":\"de-DE\"},{\"@type\":\"ImageObject\",\"@id\":\"https:\/\/www.geschenkidee.ch\/blog\/fasnacht-2019-daten-und-termine\/#primaryimage\",\"inLanguage\":\"de-DE\",\"url\":\"https:\/\/www.geschenkidee.ch\/blog\/wp-content\/uploads\/2019\/02\/carnival-2092819_1920.jpg\",\"contentUrl\":\"https:\/\/www.geschenkidee.ch\/blog\/wp-content\/uploads\/2019\/02\/carnival-2092819_1920.jpg\",\"width\":1920,\"height\":1280},{\"@type\":\"WebPage\",\"@id\":\"https:\/\/www.geschenkidee.ch\/blog\/fasnacht-2019-daten-und-termine\/#webpage\",\"url\":\"https:\/\/www.geschenkidee.ch\/blog\/fasnacht-2019-daten-und-termine\/\",\"name\":\"Fasnacht 2019 - Daten und Termine - Blog geschenkidee.ch\",\"isPartOf\":{\"@id\":\"https:\/\/www.geschenkidee.ch\/blog\/#website\"},\"primaryImageOfPage\":{\"@id\":\"https:\/\/www.geschenkidee.ch\/blog\/fasnacht-2019-daten-und-termine\/#primaryimage\"},\"datePublished\":\"2019-02-12T09:34:42+00:00\",\"dateModified\":\"2019-08-29T06:03:50+00:00\",\"author\":{\"@id\":\"https:\/\/www.geschenkidee.ch\/blog\/#\/schema\/person\/58989a6d6765d4d6540968d8660cde74\"},\"breadcrumb\":{\"@id\":\"https:\/\/www.geschenkidee.ch\/blog\/fasnacht-2019-daten-und-termine\/#breadcrumb\"},\"inLanguage\":\"de-DE\",\"potentialAction\":[{\"@type\":\"ReadAction\",\"target\":[\"https:\/\/www.geschenkidee.ch\/blog\/fasnacht-2019-daten-und-termine\/\"]}]},{\"@type\":\"BreadcrumbList\",\"@id\":\"https:\/\/www.geschenkidee.ch\/blog\/fasnacht-2019-daten-und-termine\/#breadcrumb\",\"itemListElement\":[{\"@type\":\"ListItem\",\"position\":1,\"item\":{\"@type\":\"WebPage\",\"@id\":\"https:\/\/www.geschenkidee.ch\/blog\/\",\"url\":\"https:\/\/www.geschenkidee.ch\/blog\/\",\"name\":\"Startseite\"}},{\"@type\":\"ListItem\",\"position\":2,\"item\":{\"@type\":\"WebPage\",\"@id\":\"https:\/\/www.geschenkidee.ch\/blog\/fasnacht-2019-daten-und-termine\/\",\"url\":\"https:\/\/www.geschenkidee.ch\/blog\/fasnacht-2019-daten-und-termine\/\",\"name\":\"Fasnacht 2019 &#8211; Daten und Termine\"}}]},{\"@type\":\"Person\",\"@id\":\"https:\/\/www.geschenkidee.ch\/blog\/#\/schema\/person\/58989a6d6765d4d6540968d8660cde74\",\"name\":\"Nathalie Blaser\",\"image\":{\"@type\":\"ImageObject\",\"@id\":\"https:\/\/www.geschenkidee.ch\/blog\/#personlogo\",\"inLanguage\":\"de-DE\",\"url\":\"https:\/\/secure.gravatar.com\/avatar\/57c21b6ad4104e758c36f1f431b30583?s=96&d=mm&r=g\",\"contentUrl\":\"https:\/\/secure.gravatar.com\/avatar\/57c21b6ad4104e758c36f1f431b30583?s=96&d=mm&r=g\",\"caption\":\"Nathalie Blaser\"},\"sameAs\":[\"http:\/\/geschenkidee.ch\"]}]}<\/script>\n<!-- \/ Yoast SEO plugin. -->","_links":{"self":[{"href":"https:\/\/www.geschenkidee.ch\/blog\/wp-json\/wp\/v2\/posts\/6229"}],"collection":[{"href":"https:\/\/www.geschenkidee.ch\/blog\/wp-json\/wp\/v2\/posts"}],"about":[{"href":"https:\/\/www.geschenkidee.ch\/blog\/wp-json\/wp\/v2\/types\/post"}],"author":[{"embeddable":true,"href":"https:\/\/www.geschenkidee.ch\/blog\/wp-json\/wp\/v2\/users\/10"}],"replies":[{"embeddable":true,"href":"https:\/\/www.geschenkidee.ch\/blog\/wp-json\/wp\/v2\/comments?post=6229"}],"version-history":[{"count":1,"href":"https:\/\/www.geschenkidee.ch\/blog\/wp-json\/wp\/v2\/posts\/6229\/revisions"}],"predecessor-version":[{"id":6230,"href":"https:\/\/www.geschenkidee.ch\/blog\/wp-json\/wp\/v2\/posts\/6229\/revisions\/6230"}],"wp:featuredmedia":[{"embeddable":true,"href":"https:\/\/www.geschenkidee.ch\/blog\/wp-json\/wp\/v2\/media\/6231"}],"wp:attachment":[{"href":"https:\/\/www.geschenkidee.ch\/blog\/wp-json\/wp\/v2\/media?parent=6229"}],"wp:term":[{"taxonomy":"category","embeddable":true,"href":"https:\/\/www.geschenkidee.ch\/blog\/wp-json\/wp\/v2\/categories?post=6229"},{"taxonomy":"post_tag","embeddable":true,"href":"https:\/\/www.geschenkidee.ch\/blog\/wp-json\/wp\/v2\/tags?post=6229"}],"curies":[{"name":"wp","href":"https:\/\/api.w.org\/{rel}","templated":true}]}}